{"id":18987,"date":"2017-09-07T14:58:46","date_gmt":"2017-09-07T12:58:46","guid":{"rendered":"http:\/\/www.conselharan.org\/es\/?p=18987"},"modified":"2017-09-09T17:35:33","modified_gmt":"2017-09-09T15:35:33","slug":"mejora-del-camino-natural-de-soberado-al-mirador-del-agua","status":"publish","type":"post","link":"https:\/\/www.conselharan.org\/es\/mejora-del-camino-natural-de-soberado-al-mirador-del-agua\/","title":{"rendered":"Mejora del Camino natural de Soberado al mirador del agua"},"content":{"rendered":"<p>Vielha, 7 de septiembre de 2017.- El <strong>Conselh Generau d\u2019Aran<\/strong> a trav\u00e9s de la empresa <strong>S.A.V.A.<\/strong> ha llevado a cabo este verano la recuperaci\u00f3n del tramo entre <strong>el Camino de Soberado y el mirador del agua.<\/strong><\/p>\n<p><a href=\"http:\/\/www.conselharan.org\/wp-content\/uploads\/2017\/09\/IMG_8614.jpg\"><img loading=\"lazy\" decoding=\"async\" class=\"aligncenter size-large wp-image-18981\" src=\"http:\/\/www.conselharan.org\/wp-content\/uploads\/2017\/09\/IMG_8614-1024x768.jpg\" alt=\"IMG_8614\" width=\"1024\" height=\"768\" srcset=\"https:\/\/www.conselharan.org\/wp-content\/uploads\/2017\/09\/IMG_8614-1024x768.jpg 1024w, https:\/\/www.conselharan.org\/wp-content\/uploads\/2017\/09\/IMG_8614-300x225.jpg 300w, https:\/\/www.conselharan.org\/wp-content\/uploads\/2017\/09\/IMG_8614-768x576.jpg 768w\" sizes=\"(max-width: 1024px) 100vw, 1024px\" \/><\/a><\/p>\n<p>El emplazamiento de la zona donde se ha efectuado la actuaci\u00f3n, es ruta entre Vielha y el Puerto de la Picada pasando por el Refugio de la Artiga de Lin.<\/p>\n<p>Se trata del antiguo camino de acceso a la Artiga de Lin que conten\u00eda gran cantidad de vegetaci\u00f3n que lo tapaba, piedras ca\u00eddas de los muros y erosionado por el agua.<\/p>\n<p>Se ha construido un acceso al camino desde el Aparcamiento de la Artiga de Lin, cuatro pasarelas para cruzar los barrancos de Aubert y de Bernatet y de la fuente existente, adem\u00e1s de reperfilar el camino desbrozando la zona para darle una anchura de 1,20 m, y de la construcci\u00f3n de barandillas de seguridad a lo largo de todo el camino y en el mirador del agua.<\/p>\n<p>Con esta actuaci\u00f3n que se incluye dentro de los trabajos realizados en los \u00faltimos meses por parte del Conselh Generau d\u2019Aran para la mejora del acceso a la ribera de la Artiga de Lin, y que tambi\u00e9n incluye el tren de la Artiga, los visitantes pueden acceder caminando desde el mismo aparcamiento junto a la ermita hasta los Uelhs deth Joeu y llegar hasta el mismo Pla de la Artiga.<\/p>\n<p>El Gobierno de Aran ha destinado a esta actuaci\u00f3n un presupuesto de <strong>25.768 \u20ac<\/strong> <strong>\u00a0provenientes del departamento d\u2019Empresa i Coneixement de la Generalitat y del convenio de colaboraci\u00f3n entre el Conselh Generau d\u2019Aran y la Fundaci\u00f3n Endesa para la recuperaci\u00f3n de caminos en el Valle de Aran da\u00f1ados por las riadas del a\u00f1o 2013.<\/strong><\/p>\n<p>Con la mejora del Camino de Soberado al mirador del agua, los visitantes de la ribera de la Artiga de Lin, pueden disfrutar de toda la belleza de este lugar y escoger de qu\u00e9 manera quieren efectuar la visita, ya que pueden acceder con el tren de la Artiga a la hora de subir hasta el llano y bajar andando por este nuevo camino, o hacerlo a la inversa.<\/p>\n<p><a href=\"http:\/\/www.conselharan.org\/wp-content\/uploads\/2017\/09\/IMG_8595.jpg\"><img loading=\"lazy\" decoding=\"async\" class=\"aligncenter size-large wp-image-18980\" src=\"http:\/\/www.conselharan.org\/wp-content\/uploads\/2017\/09\/IMG_8595-1024x768.jpg\" alt=\"IMG_8595\" width=\"1024\" height=\"768\" srcset=\"https:\/\/www.conselharan.org\/wp-content\/uploads\/2017\/09\/IMG_8595-1024x768.jpg 1024w, https:\/\/www.conselharan.org\/wp-content\/uploads\/2017\/09\/IMG_8595-300x225.jpg 300w, https:\/\/www.conselharan.org\/wp-content\/uploads\/2017\/09\/IMG_8595-768x576.jpg 768w\" sizes=\"(max-width: 1024px) 100vw, 1024px\" \/><\/a> <a href=\"http:\/\/www.conselharan.org\/wp-content\/uploads\/2017\/09\/IMG_8647-2.jpg\"><img loading=\"lazy\" decoding=\"async\" class=\"aligncenter size-large wp-image-18985\" src=\"http:\/\/www.conselharan.org\/wp-content\/uploads\/2017\/09\/IMG_8647-2-1024x768.jpg\" alt=\"IMG_8647\" width=\"1024\" height=\"768\" srcset=\"https:\/\/www.conselharan.org\/wp-content\/uploads\/2017\/09\/IMG_8647-2-1024x768.jpg 1024w, https:\/\/www.conselharan.org\/wp-content\/uploads\/2017\/09\/IMG_8647-2-300x225.jpg 300w, https:\/\/www.conselharan.org\/wp-content\/uploads\/2017\/09\/IMG_8647-2-768x576.jpg 768w, https:\/\/www.conselharan.org\/wp-content\/uploads\/2017\/09\/IMG_8647-2.jpg 1200w\" sizes=\"(max-width: 1024px) 100vw, 1024px\" \/><\/a><\/p>\n<p>&nbsp;<\/p>\n ","protected":false},"excerpt":{"rendered":"<p>Vielha, 7 de septiembre de 2017.- El Conselh Generau d\u2019Aran a trav\u00e9s de la empresa S.A.V.A. ha llevado a cabo este verano la recuperaci\u00f3n del tramo entre el Camino de Soberado y el mirador del agua. El emplazamiento de la zona donde se ha efectuado la actuaci\u00f3n, es ruta entre Vielha y el Puerto de&#8230;<\/p>\n","protected":false},"author":2,"featured_media":18981,"comment_status":"closed","ping_status":"closed","sticky":false,"template":"","format":"standard","meta":{"footnotes":""},"categories":[52,37,137],"tags":[],"_links":{"self":[{"href":"https:\/\/www.conselharan.org\/es\/wp-json\/wp\/v2\/posts\/18987"}],"collection":[{"href":"https:\/\/www.conselharan.org\/es\/wp-json\/wp\/v2\/posts"}],"about":[{"href":"https:\/\/www.conselharan.org\/es\/wp-json\/wp\/v2\/types\/post"}],"author":[{"embeddable":true,"href":"https:\/\/www.conselharan.org\/es\/wp-json\/wp\/v2\/users\/2"}],"replies":[{"embeddable":true,"href":"https:\/\/www.conselharan.org\/es\/wp-json\/wp\/v2\/comments?post=18987"}],"version-history":[{"count":2,"href":"https:\/\/www.conselharan.org\/es\/wp-json\/wp\/v2\/posts\/18987\/revisions"}],"predecessor-version":[{"id":19002,"href":"https:\/\/www.conselharan.org\/es\/wp-json\/wp\/v2\/posts\/18987\/revisions\/19002"}],"wp:featuredmedia":[{"embeddable":true,"href":"https:\/\/www.conselharan.org\/es\/wp-json\/wp\/v2\/media\/18981"}],"wp:attachment":[{"href":"https:\/\/www.conselharan.org\/es\/wp-json\/wp\/v2\/media?parent=18987"}],"wp:term":[{"taxonomy":"category","embeddable":true,"href":"https:\/\/www.conselharan.org\/es\/wp-json\/wp\/v2\/categories?post=18987"},{"taxonomy":"post_tag","embeddable":true,"href":"https:\/\/www.conselharan.org\/es\/wp-json\/wp\/v2\/tags?post=18987"}],"curies":[{"name":"wp","href":"https:\/\/api.w.org\/{rel}","templated":true}]}}