{"id":19008,"date":"2017-09-13T16:32:26","date_gmt":"2017-09-13T14:32:26","guid":{"rendered":"http:\/\/www.conselharan.org\/es\/?p=19008"},"modified":"2017-09-15T18:57:19","modified_gmt":"2017-09-15T16:57:19","slug":"comunicado-del-conselh-generau-daran-3","status":"publish","type":"post","link":"https:\/\/www.conselharan.org\/es\/comunicado-del-conselh-generau-daran-3\/","title":{"rendered":"Comunicado del Conselh Generau d\u2019Aran"},"content":{"rendered":"<p>El pasado d\u00eda 8 de septiembre el pastor que custodia el reba\u00f1o de ovejas que pasta en la boca sur del t\u00fanel de Vielha, en el Valle de Aran, observ\u00f3 un desprendimiento masivo de ovejas en los acantilados boscosos que rodean este valle.<\/p>\n<p>De un reba\u00f1o de unas 2.500 ovejas, de dos propietarios diferentes provenientes de la Ribagorza y el Pla de Lleida, hab\u00eda un grupo de unas 700 que estaban separadas del grupo principal en una zona muy abrupta, que son las que sufrieron el accidente.<\/p>\n<p>Durante el peritaje de los da\u00f1os, los Agentes de Medio Ambiente del Conselh Generau d\u2019Aran, se ha localizado numerosos excrementos de oso en la zona del desprendimiento, por lo que se han tramitado los correspondientes expedientes indemnizatorios, a fin de complementar el valor que cobrar\u00e1n los ganaderos por parte de los seguros.<\/p>\n<p><a href=\"http:\/\/www.conselharan.org\/wp-content\/uploads\/2017\/09\/20170912_130823-e1505313051492.jpg\"><img loading=\"lazy\" decoding=\"async\" class=\"aligncenter size-large wp-image-19005\" src=\"http:\/\/www.conselharan.org\/wp-content\/uploads\/2017\/09\/20170912_130823-e1505313051492-576x1024.jpg\" alt=\"20170912_130823\" width=\"576\" height=\"1024\" srcset=\"https:\/\/www.conselharan.org\/wp-content\/uploads\/2017\/09\/20170912_130823-e1505313051492-576x1024.jpg 576w, https:\/\/www.conselharan.org\/wp-content\/uploads\/2017\/09\/20170912_130823-e1505313051492-169x300.jpg 169w, https:\/\/www.conselharan.org\/wp-content\/uploads\/2017\/09\/20170912_130823-e1505313051492-768x1365.jpg 768w, https:\/\/www.conselharan.org\/wp-content\/uploads\/2017\/09\/20170912_130823-e1505313051492.jpg 1125w\" sizes=\"(max-width: 576px) 100vw, 576px\" \/><\/a><\/p>\n ","protected":false},"excerpt":{"rendered":"<p>El pasado d\u00eda 8 de septiembre el pastor que custodia el reba\u00f1o de ovejas que pasta en la boca sur del t\u00fanel de Vielha, en el Valle de Aran, observ\u00f3 un desprendimiento masivo de ovejas en los acantilados boscosos que rodean este valle. De un reba\u00f1o de unas 2.500 ovejas, de dos propietarios diferentes provenientes&#8230;<\/p>\n","protected":false},"author":2,"featured_media":19005,"comment_status":"closed","ping_status":"closed","sticky":false,"template":"","format":"standard","meta":{"footnotes":""},"categories":[129,52,37],"tags":[],"_links":{"self":[{"href":"https:\/\/www.conselharan.org\/es\/wp-json\/wp\/v2\/posts\/19008"}],"collection":[{"href":"https:\/\/www.conselharan.org\/es\/wp-json\/wp\/v2\/posts"}],"about":[{"href":"https:\/\/www.conselharan.org\/es\/wp-json\/wp\/v2\/types\/post"}],"author":[{"embeddable":true,"href":"https:\/\/www.conselharan.org\/es\/wp-json\/wp\/v2\/users\/2"}],"replies":[{"embeddable":true,"href":"https:\/\/www.conselharan.org\/es\/wp-json\/wp\/v2\/comments?post=19008"}],"version-history":[{"count":1,"href":"https:\/\/www.conselharan.org\/es\/wp-json\/wp\/v2\/posts\/19008\/revisions"}],"predecessor-version":[{"id":19009,"href":"https:\/\/www.conselharan.org\/es\/wp-json\/wp\/v2\/posts\/19008\/revisions\/19009"}],"wp:featuredmedia":[{"embeddable":true,"href":"https:\/\/www.conselharan.org\/es\/wp-json\/wp\/v2\/media\/19005"}],"wp:attachment":[{"href":"https:\/\/www.conselharan.org\/es\/wp-json\/wp\/v2\/media?parent=19008"}],"wp:term":[{"taxonomy":"category","embeddable":true,"href":"https:\/\/www.conselharan.org\/es\/wp-json\/wp\/v2\/categories?post=19008"},{"taxonomy":"post_tag","embeddable":true,"href":"https:\/\/www.conselharan.org\/es\/wp-json\/wp\/v2\/tags?post=19008"}],"curies":[{"name":"wp","href":"https:\/\/api.w.org\/{rel}","templated":true}]}}