{"id":19045,"date":"2017-09-14T18:39:05","date_gmt":"2017-09-14T16:39:05","guid":{"rendered":"http:\/\/www.conselharan.org\/es\/?p=19045"},"modified":"2017-09-14T18:39:05","modified_gmt":"2017-09-14T16:39:05","slug":"7a-edicion-de-la-vertical-daran-vielha-montcorbison-memorial-tonet","status":"publish","type":"post","link":"https:\/\/www.conselharan.org\/es\/7a-edicion-de-la-vertical-daran-vielha-montcorbison-memorial-tonet\/","title":{"rendered":"7\u00aa edici\u00f3n de la Vertical d\u2019Aran Vielha-Montcorbison. Memorial Tonet"},"content":{"rendered":"<p>Vielha, 14 de septiembre de 2017.- El pr\u00f3ximo <strong>s\u00e1bado 30 de septiembre se celebra la 7\u00aa edici\u00f3n de la Vertical d\u2019Aran Vielha-Montcorbison. Memorial Tonet.<\/strong><\/p>\n<p>La Vertical de Aran, organizada por Era P\u00f2rta d\u2019Aran, es la \u00faltima gran prueba de running de la temporada en el Valle de Aran, con llegada a la cima del Montcorbison a 2.170 metros, despu\u00e9s de 1.200 metros de desnivel positivos y poco m\u00e1s de 4 kil\u00f3metros de recorrido.<\/p>\n<p><a href=\"http:\/\/www.conselharan.org\/wp-content\/uploads\/2017\/09\/WhatsApp-Image-2017-09-02-at-17.31.40.jpeg\"><img loading=\"lazy\" decoding=\"async\" class=\"aligncenter size-large wp-image-19042\" src=\"http:\/\/www.conselharan.org\/wp-content\/uploads\/2017\/09\/WhatsApp-Image-2017-09-02-at-17.31.40-1024x538.jpeg\" alt=\"WhatsApp Image 2017-09-02 at 17.31.40\" width=\"1024\" height=\"538\" srcset=\"https:\/\/www.conselharan.org\/wp-content\/uploads\/2017\/09\/WhatsApp-Image-2017-09-02-at-17.31.40-1024x538.jpeg 1024w, https:\/\/www.conselharan.org\/wp-content\/uploads\/2017\/09\/WhatsApp-Image-2017-09-02-at-17.31.40-300x158.jpeg 300w, https:\/\/www.conselharan.org\/wp-content\/uploads\/2017\/09\/WhatsApp-Image-2017-09-02-at-17.31.40-768x403.jpeg 768w, https:\/\/www.conselharan.org\/wp-content\/uploads\/2017\/09\/WhatsApp-Image-2017-09-02-at-17.31.40.jpeg 1200w\" sizes=\"(max-width: 1024px) 100vw, 1024px\" \/><\/a><\/p>\n<p>La prueba est\u00e1 dirigida a todas las personas amantes del deporte al aire libre, y propone tres recorridos diferentes. Marcha Popular, dirigida a ni\u00f1os y adultos, con un m\u00ednimo de condici\u00f3n f\u00edsica, para caminar por senderos de monta\u00f1a y campo a trav\u00e9s.<\/p>\n<p>Subida Vertical Aran, dirigido a persona habituadas a una actividad f\u00edsica de aproximadamente 3 horas, caminando por pistas, caminos de tierra, senderos y campo a trav\u00e9s. Carrera Vertical Aran, enfocada a persona habituada a correr por la monta\u00f1a.<\/p>\n<p>&nbsp;<\/p>\n<p><strong>Marcha Popular<\/strong>: 2Km \/ 500m +. Salida a las 9: 30h desde Bassa d\u2019Oles. Transporte desde Vielha a las 9: 00h.<\/p>\n<p><strong>Subida Popular Vertical Aran<\/strong>: 4,2Km \/ 1.200m +. Salida a las 10: 00h desde la Plaza dera Crotz d\u2018Occitania (rotonda de Vielha).<\/p>\n<p><strong>Carrera Vertical Aran<\/strong>: 4,2Km \/ 1.200m +. Salida a las 11: 00h desde la Plaza dera Crotz d\u2019Occitania (rotonda de Vielha).<\/p>\n<p>&nbsp;<\/p>\n<p>Los organizadores no exigen un material m\u00ednimo indispensable para participar en la prueba, pero recomiendan llevar ropa de abrigo, agua, bastones y un tel\u00e9fono. Adem\u00e1s, tambi\u00e9n se recomienda revisar la informaci\u00f3n meteorol\u00f3gica para adecuar el material seg\u00fan la climatolog\u00eda en la fecha de la prueba.<\/p>\n<p>Las inscripciones para participar en esta 7\u00aa edici\u00f3n, se pueden formalizar en la tienda de Era P\u00f2rta d\u2019Aran Plaza Sant Oren\u00e7, 2 de Vielha, de 16:30 a 20: 30h o bien en la web <a href=\"http:\/\/eraportadaran.com\/vertical-aran\/\">http:\/\/eraportadaran.com\/vertical-aran\/<\/a><\/p>\n<p>Para m\u00e1s informaci\u00f3n pueden llamar al +34 630 060 296<\/p>\n<p>La prueba cuenta con el patrocinio y la colaboraci\u00f3n del <strong>Conselh Generau d\u2019Aran<\/strong>, <strong>Ayuntamiento de Vielha e Mijaran<\/strong> y <strong>Volentaris Val d\u2019Aran.<\/strong><\/p>\n<p><a href=\"http:\/\/www.conselharan.org\/wp-content\/uploads\/2017\/09\/cartel-definitivo-VERTICAL.jpg\"><img loading=\"lazy\" decoding=\"async\" class=\"aligncenter size-large wp-image-19041\" src=\"http:\/\/www.conselharan.org\/wp-content\/uploads\/2017\/09\/cartel-definitivo-VERTICAL-724x1024.jpg\" alt=\"cartel definitivo VERTICAL\" width=\"724\" height=\"1024\" srcset=\"https:\/\/www.conselharan.org\/wp-content\/uploads\/2017\/09\/cartel-definitivo-VERTICAL-724x1024.jpg 724w, https:\/\/www.conselharan.org\/wp-content\/uploads\/2017\/09\/cartel-definitivo-VERTICAL-212x300.jpg 212w, https:\/\/www.conselharan.org\/wp-content\/uploads\/2017\/09\/cartel-definitivo-VERTICAL-768x1086.jpg 768w, https:\/\/www.conselharan.org\/wp-content\/uploads\/2017\/09\/cartel-definitivo-VERTICAL.jpg 1414w\" sizes=\"(max-width: 724px) 100vw, 724px\" \/><\/a><\/p>\n ","protected":false},"excerpt":{"rendered":"<p>Vielha, 14 de septiembre de 2017.- El pr\u00f3ximo s\u00e1bado 30 de septiembre se celebra la 7\u00aa edici\u00f3n de la Vertical d\u2019Aran Vielha-Montcorbison. Memorial Tonet. La Vertical de Aran, organizada por Era P\u00f2rta d\u2019Aran, es la \u00faltima gran prueba de running de la temporada en el Valle de Aran, con llegada a la cima del Montcorbison&#8230;<\/p>\n","protected":false},"author":2,"featured_media":19042,"comment_status":"closed","ping_status":"closed","sticky":false,"template":"","format":"standard","meta":{"footnotes":""},"categories":[135],"tags":[],"_links":{"self":[{"href":"https:\/\/www.conselharan.org\/es\/wp-json\/wp\/v2\/posts\/19045"}],"collection":[{"href":"https:\/\/www.conselharan.org\/es\/wp-json\/wp\/v2\/posts"}],"about":[{"href":"https:\/\/www.conselharan.org\/es\/wp-json\/wp\/v2\/types\/post"}],"author":[{"embeddable":true,"href":"https:\/\/www.conselharan.org\/es\/wp-json\/wp\/v2\/users\/2"}],"replies":[{"embeddable":true,"href":"https:\/\/www.conselharan.org\/es\/wp-json\/wp\/v2\/comments?post=19045"}],"version-history":[{"count":1,"href":"https:\/\/www.conselharan.org\/es\/wp-json\/wp\/v2\/posts\/19045\/revisions"}],"predecessor-version":[{"id":19046,"href":"https:\/\/www.conselharan.org\/es\/wp-json\/wp\/v2\/posts\/19045\/revisions\/19046"}],"wp:featuredmedia":[{"embeddable":true,"href":"https:\/\/www.conselharan.org\/es\/wp-json\/wp\/v2\/media\/19042"}],"wp:attachment":[{"href":"https:\/\/www.conselharan.org\/es\/wp-json\/wp\/v2\/media?parent=19045"}],"wp:term":[{"taxonomy":"category","embeddable":true,"href":"https:\/\/www.conselharan.org\/es\/wp-json\/wp\/v2\/categories?post=19045"},{"taxonomy":"post_tag","embeddable":true,"href":"https:\/\/www.conselharan.org\/es\/wp-json\/wp\/v2\/tags?post=19045"}],"curies":[{"name":"wp","href":"https:\/\/api.w.org\/{rel}","templated":true}]}}