{"id":19119,"date":"2017-09-15T15:31:00","date_gmt":"2017-09-15T13:31:00","guid":{"rendered":"http:\/\/www.conselharan.org\/es\/?p=19119"},"modified":"2017-09-15T15:31:00","modified_gmt":"2017-09-15T13:31:00","slug":"el-govern-daran-desmiente-el-traslado-de-la-oficina-liquidadora-de-la-agencia-tributaria-en-aran","status":"publish","type":"post","link":"https:\/\/www.conselharan.org\/es\/el-govern-daran-desmiente-el-traslado-de-la-oficina-liquidadora-de-la-agencia-tributaria-en-aran\/","title":{"rendered":"El Gov\u00e8rn d\u2019Aran desmiente el traslado de la oficina liquidadora de la Agencia Tributaria en Aran"},"content":{"rendered":"<p>Vielha, 15 de septiembre de 2017.- El Conselh Generau d\u2019Aran ratifica la vigencia del convenio firmado por el propio Conselh Generau d\u2019Aran y la Agencia Tributaria de Catalunya para la ubicaci\u00f3n en el Valle de Aran de una oficina de servicio y de atenci\u00f3n al p\u00fablico de la Agencia Tributaria de Catalunya.<\/p>\n<p>En este sentido el Conselh Generau d\u2019Aran confirma el mantenimiento de la actual oficina liquidadora de la propia Agencia Tributaria ubicada en C\/Major, 36 de Vielha, ante algunas informaciones aparecidas sobre el supuesto traslado de esta oficina en la Seu d\u2019Urgell.<\/p>\n<p><a href=\"http:\/\/www.conselharan.org\/wp-content\/uploads\/2017\/09\/2-1.jpeg\"><img loading=\"lazy\" decoding=\"async\" class=\"aligncenter size-large wp-image-19117\" src=\"http:\/\/www.conselharan.org\/wp-content\/uploads\/2017\/09\/2-1-1024x577.jpeg\" alt=\"2\" width=\"1024\" height=\"577\" srcset=\"https:\/\/www.conselharan.org\/wp-content\/uploads\/2017\/09\/2-1-1024x577.jpeg 1024w, https:\/\/www.conselharan.org\/wp-content\/uploads\/2017\/09\/2-1-300x169.jpeg 300w, https:\/\/www.conselharan.org\/wp-content\/uploads\/2017\/09\/2-1-768x432.jpeg 768w, https:\/\/www.conselharan.org\/wp-content\/uploads\/2017\/09\/2-1.jpeg 1600w\" sizes=\"(max-width: 1024px) 100vw, 1024px\" \/><\/a> <a href=\"http:\/\/www.conselharan.org\/wp-content\/uploads\/2017\/09\/1-1.jpeg\"><img loading=\"lazy\" decoding=\"async\" class=\"aligncenter size-large wp-image-19116\" src=\"http:\/\/www.conselharan.org\/wp-content\/uploads\/2017\/09\/1-1-1024x768.jpeg\" alt=\"1\" width=\"1024\" height=\"768\" srcset=\"https:\/\/www.conselharan.org\/wp-content\/uploads\/2017\/09\/1-1-1024x768.jpeg 1024w, https:\/\/www.conselharan.org\/wp-content\/uploads\/2017\/09\/1-1-300x225.jpeg 300w, https:\/\/www.conselharan.org\/wp-content\/uploads\/2017\/09\/1-1-768x576.jpeg 768w, https:\/\/www.conselharan.org\/wp-content\/uploads\/2017\/09\/1-1.jpeg 1600w\" sizes=\"(max-width: 1024px) 100vw, 1024px\" \/><\/a><\/p>\n ","protected":false},"excerpt":{"rendered":"<p>Vielha, 15 de septiembre de 2017.- El Conselh Generau d\u2019Aran ratifica la vigencia del convenio firmado por el propio Conselh Generau d\u2019Aran y la Agencia Tributaria de Catalunya para la ubicaci\u00f3n en el Valle de Aran de una oficina de servicio y de atenci\u00f3n al p\u00fablico de la Agencia Tributaria de Catalunya. En este sentido&#8230;<\/p>\n","protected":false},"author":2,"featured_media":19117,"comment_status":"closed","ping_status":"closed","sticky":false,"template":"","format":"standard","meta":{"footnotes":""},"categories":[52,37],"tags":[],"_links":{"self":[{"href":"https:\/\/www.conselharan.org\/es\/wp-json\/wp\/v2\/posts\/19119"}],"collection":[{"href":"https:\/\/www.conselharan.org\/es\/wp-json\/wp\/v2\/posts"}],"about":[{"href":"https:\/\/www.conselharan.org\/es\/wp-json\/wp\/v2\/types\/post"}],"author":[{"embeddable":true,"href":"https:\/\/www.conselharan.org\/es\/wp-json\/wp\/v2\/users\/2"}],"replies":[{"embeddable":true,"href":"https:\/\/www.conselharan.org\/es\/wp-json\/wp\/v2\/comments?post=19119"}],"version-history":[{"count":1,"href":"https:\/\/www.conselharan.org\/es\/wp-json\/wp\/v2\/posts\/19119\/revisions"}],"predecessor-version":[{"id":19120,"href":"https:\/\/www.conselharan.org\/es\/wp-json\/wp\/v2\/posts\/19119\/revisions\/19120"}],"wp:featuredmedia":[{"embeddable":true,"href":"https:\/\/www.conselharan.org\/es\/wp-json\/wp\/v2\/media\/19117"}],"wp:attachment":[{"href":"https:\/\/www.conselharan.org\/es\/wp-json\/wp\/v2\/media?parent=19119"}],"wp:term":[{"taxonomy":"category","embeddable":true,"href":"https:\/\/www.conselharan.org\/es\/wp-json\/wp\/v2\/categories?post=19119"},{"taxonomy":"post_tag","embeddable":true,"href":"https:\/\/www.conselharan.org\/es\/wp-json\/wp\/v2\/tags?post=19119"}],"curies":[{"name":"wp","href":"https:\/\/api.w.org\/{rel}","templated":true}]}}