{"id":19130,"date":"2017-09-19T03:03:11","date_gmt":"2017-09-19T01:03:11","guid":{"rendered":"http:\/\/www.conselharan.org\/es\/?p=19130"},"modified":"2017-09-19T03:03:11","modified_gmt":"2017-09-19T01:03:11","slug":"el-pleno-del-conselh-aprueba-el-conselh-de-alcaldes-del-valle-de-aran","status":"publish","type":"post","link":"https:\/\/www.conselharan.org\/es\/el-pleno-del-conselh-aprueba-el-conselh-de-alcaldes-del-valle-de-aran\/","title":{"rendered":"El Pleno del Conselh aprueba el Conselh de alcaldes del Valle de Aran"},"content":{"rendered":"<p>Vielha, 18 de septiembre de 2017.- El Pleno del Conselh Generau d\u2019Aran ha aprobado por unanimidad <strong>la creaci\u00f3n del<\/strong> <strong>Consejo de alcaldes del Valle de Aran<\/strong>, de acuerdo con los preceptos de la Ley 1\/2015 de R\u00e9gimen especial del Valle de Aran. El sindic d\u2019Aran, <strong>Carlos Barrera<\/strong>, explic\u00f3 que este mandato de la Ley de Aran sustituye al Consejo de Ter\u00e7ons e incorpora los alcaldes y ped\u00e1neos con pleno derecho en este \u00f3rgano consultivo. La propuesta del equipo de Gobierno de Aran, era que las reuniones tuvieran una frecuencia bimensual, esta propuesta inicial, ha sido modificada a petici\u00f3n de los portavoces de los grupos de la oposici\u00f3n, que han propuesto que las reuniones tengan una frecuencia de 6 meses y que el sindic d\u2019Aran tenga la potestad de convocar el Consejo de alcaldes, cada vez que sea necesario.<\/p>\n<p><a href=\"http:\/\/www.conselharan.org\/wp-content\/uploads\/2017\/09\/IMG_9368.jpg\"><img loading=\"lazy\" decoding=\"async\" class=\"aligncenter size-large wp-image-19126\" src=\"http:\/\/www.conselharan.org\/wp-content\/uploads\/2017\/09\/IMG_9368-1024x768.jpg\" alt=\"IMG_9368\" width=\"1024\" height=\"768\" srcset=\"https:\/\/www.conselharan.org\/wp-content\/uploads\/2017\/09\/IMG_9368-1024x768.jpg 1024w, https:\/\/www.conselharan.org\/wp-content\/uploads\/2017\/09\/IMG_9368-300x225.jpg 300w, https:\/\/www.conselharan.org\/wp-content\/uploads\/2017\/09\/IMG_9368-768x576.jpg 768w\" sizes=\"(max-width: 1024px) 100vw, 1024px\" \/><\/a><\/p>\n<p>Durante el Pleno del Conselh tambi\u00e9n se ha hablado de la ampliaci\u00f3n de plazas de residencia geri\u00e1trica en la futura residencia de ancianos de Les. En este sentido el sindic d\u2019Aran, Carlos Barrera, ha manifestado que el Gobierno de Aran, ha llevado a cabo un estudio sobre el envejecimiento de la poblaci\u00f3n en el Valle de Aran y otro sobre las listas de espera de demanda de estos servicios, que justifican la necesidad de este nuevo equipamiento en el Valle de Aran. Barrera, explic\u00f3 que en este momento ya se est\u00e1 redactando el proyecto ejecutivo de obra que estar\u00e1 listo en noviembre. Una vez sacada a concurso la licitaci\u00f3n de obras y \u00a0cuando comience la construcci\u00f3n, se licitar\u00e1 la prestaci\u00f3n del servicio condicionada al acuerdo entre el Conselh Generau d\u2019Aran y el departamento de Bienestar de la Generalitat, que consiste en la financiaci\u00f3n de 30 de las 60 plazas de la futura residencia (30 plazas consorciadas y 30 plazas privadas), y de las 20 plazas de residencia de d\u00eda, de las que 10 de estas deben ser p\u00fablicas y 10 privadas. Barrera ha explicado que el horizonte de puesta en marcha de esta residencia geri\u00e1trica de Les es que el a\u00f1o 2018 se dedique a la construcci\u00f3n del equipamiento y que \u00e9sta entre en funcionamiento el 1 de enero del a\u00f1o 2019.<\/p>\n<p>En este Pleno, los grupos de la oposici\u00f3n, han pedido al sindic d\u2019Aran, Carlos Barrera, si el Conselh Generau d\u2019Aran, ceder\u00e1 alg\u00fan espacio para el refer\u00e9ndum del 1 de octubre.<\/p>\n<p>El sindic d\u2019Aran, ha explicado que el Conselh Generau d\u2019Aran, no ceder\u00e1 ning\u00fan espacio dentro de la sede institucional de la Casa deth Senhor de Arr\u00f3s, ni en la sede administrativa del Conselh Generau en Vielha, con el objetivo de preservar las sedes institucionales ante la pol\u00e9mica de los planteamientos antag\u00f3nicos que se est\u00e1n produciendo en estas \u00faltimas semanas en Ar\u00e1n.<\/p>\n<p>El sindic d\u2019Aran, ha a\u00f1adido que el Conselh Generau d\u2019Aran como gobierno territorial del pa\u00eds, debe respetar todas las sensibilidades que en estos momentos est\u00e1n aflorando, y mostrar su imparcialidad ante esta realidad social.<\/p>\n<p>Barrera, ha se\u00f1alado que en los pr\u00f3ximos d\u00edas, y observando los acontecimientos tal como se vayan produciendo se intentar\u00e1 llegar a una decisi\u00f3n consensuada.<\/p>\n<p>&nbsp;<\/p>\n<p><a href=\"http:\/\/www.conselharan.org\/wp-content\/uploads\/2017\/09\/IMG_9364.jpg\"><img loading=\"lazy\" decoding=\"async\" class=\"aligncenter size-large wp-image-19128\" src=\"http:\/\/www.conselharan.org\/wp-content\/uploads\/2017\/09\/IMG_9364-1024x768.jpg\" alt=\"IMG_9364\" width=\"1024\" height=\"768\" srcset=\"https:\/\/www.conselharan.org\/wp-content\/uploads\/2017\/09\/IMG_9364-1024x768.jpg 1024w, https:\/\/www.conselharan.org\/wp-content\/uploads\/2017\/09\/IMG_9364-300x225.jpg 300w, https:\/\/www.conselharan.org\/wp-content\/uploads\/2017\/09\/IMG_9364-768x576.jpg 768w\" sizes=\"(max-width: 1024px) 100vw, 1024px\" \/><\/a><\/p>\n ","protected":false},"excerpt":{"rendered":"<p>Vielha, 18 de septiembre de 2017.- El Pleno del Conselh Generau d\u2019Aran ha aprobado por unanimidad la creaci\u00f3n del Consejo de alcaldes del Valle de Aran, de acuerdo con los preceptos de la Ley 1\/2015 de R\u00e9gimen especial del Valle de Aran. El sindic d\u2019Aran, Carlos Barrera, explic\u00f3 que este mandato de la Ley de&#8230;<\/p>\n","protected":false},"author":2,"featured_media":19126,"comment_status":"closed","ping_status":"closed","sticky":false,"template":"","format":"standard","meta":{"footnotes":""},"categories":[52,37],"tags":[],"_links":{"self":[{"href":"https:\/\/www.conselharan.org\/es\/wp-json\/wp\/v2\/posts\/19130"}],"collection":[{"href":"https:\/\/www.conselharan.org\/es\/wp-json\/wp\/v2\/posts"}],"about":[{"href":"https:\/\/www.conselharan.org\/es\/wp-json\/wp\/v2\/types\/post"}],"author":[{"embeddable":true,"href":"https:\/\/www.conselharan.org\/es\/wp-json\/wp\/v2\/users\/2"}],"replies":[{"embeddable":true,"href":"https:\/\/www.conselharan.org\/es\/wp-json\/wp\/v2\/comments?post=19130"}],"version-history":[{"count":1,"href":"https:\/\/www.conselharan.org\/es\/wp-json\/wp\/v2\/posts\/19130\/revisions"}],"predecessor-version":[{"id":19131,"href":"https:\/\/www.conselharan.org\/es\/wp-json\/wp\/v2\/posts\/19130\/revisions\/19131"}],"wp:featuredmedia":[{"embeddable":true,"href":"https:\/\/www.conselharan.org\/es\/wp-json\/wp\/v2\/media\/19126"}],"wp:attachment":[{"href":"https:\/\/www.conselharan.org\/es\/wp-json\/wp\/v2\/media?parent=19130"}],"wp:term":[{"taxonomy":"category","embeddable":true,"href":"https:\/\/www.conselharan.org\/es\/wp-json\/wp\/v2\/categories?post=19130"},{"taxonomy":"post_tag","embeddable":true,"href":"https:\/\/www.conselharan.org\/es\/wp-json\/wp\/v2\/tags?post=19130"}],"curies":[{"name":"wp","href":"https:\/\/api.w.org\/{rel}","templated":true}]}}