{"id":19269,"date":"2017-09-29T11:20:10","date_gmt":"2017-09-29T09:20:10","guid":{"rendered":"http:\/\/www.conselharan.org\/es\/?p=19269"},"modified":"2017-09-29T11:20:10","modified_gmt":"2017-09-29T09:20:10","slug":"el-sindic-daran-visita-las-obras-de-ampliacion-del-nuevo-centro-de-recogida-de-residuos-de-beusa","status":"publish","type":"post","link":"https:\/\/www.conselharan.org\/es\/el-sindic-daran-visita-las-obras-de-ampliacion-del-nuevo-centro-de-recogida-de-residuos-de-beusa\/","title":{"rendered":"El sindic d\u2019Aran visita las obras de ampliaci\u00f3n del nuevo centro de recogida de residuos de Beusa"},"content":{"rendered":"<p>Vielha, 27 de septiembre de 2017.- El sindic d\u2019Aran, <strong>Carlos Barrera<\/strong>, acompa\u00f1ado del consejero de Territorio, <strong>Jos\u00e9 Antonio Boya<\/strong> y del resto de t\u00e9cnicos del Conselh Generau d\u2019Aran, ha realizado una visita de seguimiento de las obras de construcci\u00f3n del nuevo centro de recogida de residuos de Beusa en Vielha e Mijaran. La puesta en marcha de este nuevo equipamiento significar\u00e1 una mejora considerable de la gesti\u00f3n ambiental y facilitar\u00e1 a\u00fan m\u00e1s la colaboraci\u00f3n ciudadana en la gesti\u00f3n sostenible del medio ambiente.<\/p>\n<p><a href=\"http:\/\/www.conselharan.org\/wp-content\/uploads\/2017\/09\/Foto-26-9-17-10-34-56.jpg\"><img loading=\"lazy\" decoding=\"async\" class=\"aligncenter size-large wp-image-19267\" src=\"http:\/\/www.conselharan.org\/wp-content\/uploads\/2017\/09\/Foto-26-9-17-10-34-56-1024x768.jpg\" alt=\"Foto 26-9-17 10 34 56\" width=\"1024\" height=\"768\" srcset=\"https:\/\/www.conselharan.org\/wp-content\/uploads\/2017\/09\/Foto-26-9-17-10-34-56-1024x768.jpg 1024w, https:\/\/www.conselharan.org\/wp-content\/uploads\/2017\/09\/Foto-26-9-17-10-34-56-300x225.jpg 300w, https:\/\/www.conselharan.org\/wp-content\/uploads\/2017\/09\/Foto-26-9-17-10-34-56-768x576.jpg 768w\" sizes=\"(max-width: 1024px) 100vw, 1024px\" \/><\/a><\/p>\n<p>La primera fase de construcci\u00f3n de este nuevo equipamiento, tiene un presupuesto de 374.446 \u20ac de los que la Agencia de Residuos de Catalunya aporta la cantidad de 250.000 \u20ac. Una vez terminada la primera fase, la nueva recogida se podr\u00e1 poner en marcha con 6 de los 14 muelles de los que dispondr\u00e1 el equipamiento una vez se haya completado la segunda fase de construcci\u00f3n.<\/p>\n<p>Esta segunda fase, presupuestada en 597.000 \u20ac dotar\u00e1 a la instalaci\u00f3n de los equipamientos adecuados para facilitar el acceso a todos los usuarios y mejorar la eficiencia de la evacuaci\u00f3n de los materiales gestionados en este centro.<\/p>\n<p>La nueva instalaci\u00f3n est\u00e1 construida sobre una parcela cedida por el ACA (Agencia Catalana del Agua) al Conselh Generau d\u2019Aran para la adecuaci\u00f3n de la instalaci\u00f3n del vertedero que result\u00f3 da\u00f1ada durante los aguaceros de 2013.<\/p>\n<p>El nuevo centro de recogida, se instala en un recinto vallado que tendr\u00e1 una b\u00e1scula en la entrada donde se recibir\u00e1 a los usuarios que subir\u00e1n por una rampa en el muelle de las diferentes cajas de residuos generados, debidamente se\u00f1alizadas, y, una vez depositados los residuos en la caja correspondiente, el usuario continuar\u00e1 para bajar por una segunda rampa habilitada al final del muelle donde el operario entregar\u00e1 el correspondiente albar\u00e1n de entrada con descripci\u00f3n de las caracter\u00edsticas de los materiales entregados al centro de recogida, tipo de residuo, cantidad, fecha, hora, peso, etc.<\/p>\n<p>Los diferentes residuos gestionados en el centro de recogida son enviados a los gestores homologados correspondientes, ya sea con la misma caja donde se deposita el residuo, o en jaulas habilitadas para el transporte seg\u00fan la naturaleza del producto.<\/p>\n<p>Se estima que el n\u00famero de cajas de 30 m3 que salen mensualmente del centro de recogida de residuos oscila entre 40 y 50. En una segunda fase que se espera que est\u00e9 en marcha la pr\u00f3xima primavera la instalaci\u00f3n estar\u00e1 preparada para compactar los materiales de las fracciones que as\u00ed lo permitan, como por ejemplo el cart\u00f3n, con el objetivo de optimizar el servicio reduciendo el n\u00famero de viajes y el coste que ello representa para el Conselh Generau d\u2019Aran y por los ciudadanos.<\/p>\n<p>Hay que recordar que actualmente la Val de Aran despu\u00e9s de los esfuerzos del Gobierno de Aran, y con la colaboraci\u00f3n de los grandes productores de residuos y de la ciudadan\u00eda aranesa, es el 11\u00ba territorio de Catalunya donde m\u00e1s residuos se reciclan a trav\u00e9s de la recogida selectiva. El incremento progresivo y la consecuente mejora de los porcentajes demuestra el aumento de la concienciaci\u00f3n ciudadana sobre la importancia de la preservaci\u00f3n del medio ambiente.<\/p>\n ","protected":false},"excerpt":{"rendered":"<p>Vielha, 27 de septiembre de 2017.- El sindic d\u2019Aran, Carlos Barrera, acompa\u00f1ado del consejero de Territorio, Jos\u00e9 Antonio Boya y del resto de t\u00e9cnicos del Conselh Generau d\u2019Aran, ha realizado una visita de seguimiento de las obras de construcci\u00f3n del nuevo centro de recogida de residuos de Beusa en Vielha e Mijaran. La puesta en&#8230;<\/p>\n","protected":false},"author":2,"featured_media":19267,"comment_status":"closed","ping_status":"closed","sticky":false,"template":"","format":"standard","meta":{"footnotes":""},"categories":[52,37],"tags":[],"_links":{"self":[{"href":"https:\/\/www.conselharan.org\/es\/wp-json\/wp\/v2\/posts\/19269"}],"collection":[{"href":"https:\/\/www.conselharan.org\/es\/wp-json\/wp\/v2\/posts"}],"about":[{"href":"https:\/\/www.conselharan.org\/es\/wp-json\/wp\/v2\/types\/post"}],"author":[{"embeddable":true,"href":"https:\/\/www.conselharan.org\/es\/wp-json\/wp\/v2\/users\/2"}],"replies":[{"embeddable":true,"href":"https:\/\/www.conselharan.org\/es\/wp-json\/wp\/v2\/comments?post=19269"}],"version-history":[{"count":1,"href":"https:\/\/www.conselharan.org\/es\/wp-json\/wp\/v2\/posts\/19269\/revisions"}],"predecessor-version":[{"id":19270,"href":"https:\/\/www.conselharan.org\/es\/wp-json\/wp\/v2\/posts\/19269\/revisions\/19270"}],"wp:featuredmedia":[{"embeddable":true,"href":"https:\/\/www.conselharan.org\/es\/wp-json\/wp\/v2\/media\/19267"}],"wp:attachment":[{"href":"https:\/\/www.conselharan.org\/es\/wp-json\/wp\/v2\/media?parent=19269"}],"wp:term":[{"taxonomy":"category","embeddable":true,"href":"https:\/\/www.conselharan.org\/es\/wp-json\/wp\/v2\/categories?post=19269"},{"taxonomy":"post_tag","embeddable":true,"href":"https:\/\/www.conselharan.org\/es\/wp-json\/wp\/v2\/tags?post=19269"}],"curies":[{"name":"wp","href":"https:\/\/api.w.org\/{rel}","templated":true}]}}