{"id":19303,"date":"2017-10-02T19:00:30","date_gmt":"2017-10-02T17:00:30","guid":{"rendered":"http:\/\/www.conselharan.org\/?p=19303"},"modified":"2017-10-03T00:03:07","modified_gmt":"2017-10-02T22:03:07","slug":"el-sindic-daran-denuncia-la-postura-enrocada-del-gobierno-espanol","status":"publish","type":"post","link":"https:\/\/www.conselharan.org\/es\/el-sindic-daran-denuncia-la-postura-enrocada-del-gobierno-espanol\/","title":{"rendered":"El sindic d\u2019Aran denuncia la postura enrocada del gobierno espa\u00f1ol"},"content":{"rendered":"<p>Vielha, 2 de octubre de 2017.- El sindic d\u2019Aran, Carlos Barrera, agradeci\u00f3 hoy en rueda de prensa el civismo compartido ayer 1 de octubre tanto para las personas que acudieron a votar como por la actuaci\u00f3n de los agentes del cuerpo de Mossos d\u2019Esquadra.<\/p>\n<p>Para el sindic d\u2019Aran la postura del gobierno espa\u00f1ol sigue enrocada y la justifica s\u00f3lo con dos palabras que son legalidad y Constituci\u00f3n, y ya ha llegado el momento de sustituirlas por la voluntad pol\u00edtica de la negociaci\u00f3n.<\/p>\n<p>&nbsp;<\/p>\n<p><a href=\"http:\/\/www.conselharan.org\/wp-content\/uploads\/2017\/10\/8E6518AB-BF39-4680-91E6-C664863AB6E0.jpeg\"><img loading=\"lazy\" decoding=\"async\" class=\"aligncenter size-large wp-image-19308\" src=\"http:\/\/www.conselharan.org\/wp-content\/uploads\/2017\/10\/8E6518AB-BF39-4680-91E6-C664863AB6E0-1024x970.jpeg\" alt=\"\" width=\"1024\" height=\"970\" srcset=\"https:\/\/www.conselharan.org\/wp-content\/uploads\/2017\/10\/8E6518AB-BF39-4680-91E6-C664863AB6E0-1024x970.jpeg 1024w, https:\/\/www.conselharan.org\/wp-content\/uploads\/2017\/10\/8E6518AB-BF39-4680-91E6-C664863AB6E0-300x284.jpeg 300w, https:\/\/www.conselharan.org\/wp-content\/uploads\/2017\/10\/8E6518AB-BF39-4680-91E6-C664863AB6E0-768x728.jpeg 768w\" sizes=\"(max-width: 1024px) 100vw, 1024px\" \/><\/a><\/p>\n<p>Barrera manifest\u00f3 que el Conselh Generau d\u2019Aran est\u00e1 junto a las instituciones catalanas, dando apoyo a las personas que resultaron heridas ayer y sus familiares que est\u00e1n sufriendo esta situaci\u00f3n.<\/p>\n<p>Desgraciadamente, las im\u00e1genes que se han vivido perdurar\u00e1n en nuestra mente, pero debemos ser capaces de superarlas con la convivencia y la confianza de que hay muchos ciudadanos en todo el estado que entienden la reivindicaci\u00f3n catalana.<\/p>\n<p>En cuanto a la participaci\u00f3n, Barrera, explic\u00f3 que no era f\u00e1cil ir a votar con un clima tan enrarecido y represivo que, a buen seguro que si la votaci\u00f3n se hubiera desarrollado en circunstancias normales la participaci\u00f3n hubiera sido m\u00e1s elevada. Todo esto demuestra que hay una realidad en la sociedad aranesa que tiene ganas de expresarse, que est\u00e1 cambiando y que hay que escuchar. Para Barrera, tanto el PP como UA-PSC y C\u2019s en el Valle de Aran deben tomar nota de la realidad social y pensar en plural, ya que esta es la Val d\u2019Aran de presente y de futuro y bienvenida sea.<\/p>\n<p><a href=\"http:\/\/www.conselharan.org\/wp-content\/uploads\/2017\/10\/sindic1.jpeg\"><img loading=\"lazy\" decoding=\"async\" class=\"aligncenter size-large wp-image-19301\" src=\"http:\/\/www.conselharan.org\/wp-content\/uploads\/2017\/10\/sindic1-1024x768.jpeg\" alt=\"\" width=\"1024\" height=\"768\" srcset=\"https:\/\/www.conselharan.org\/wp-content\/uploads\/2017\/10\/sindic1-1024x768.jpeg 1024w, https:\/\/www.conselharan.org\/wp-content\/uploads\/2017\/10\/sindic1-300x225.jpeg 300w, https:\/\/www.conselharan.org\/wp-content\/uploads\/2017\/10\/sindic1-768x576.jpeg 768w\" sizes=\"(max-width: 1024px) 100vw, 1024px\" \/><\/a><\/p>\n<p>Otra cuesti\u00f3n que analizar a partir del d\u00eda de ayer es la usurpaci\u00f3n que algunos partidos pol\u00edticos en el Valle de Aran han hecho del pensamiento pol\u00edtico de muchos araneses. Un alcalde o un cargo electo militante de un partido pol\u00edtico no se puede apoderar ni representar el pensamiento pol\u00edtico de los vecinos del pueblo o de sus votantes. No tienen nada que ver en el caso del Valle de Aran los resultados de las elecciones locales con el planteamiento de la votaci\u00f3n del 1 de octubre.<\/p>\n<p>Para Carlos Barrera, la Uni\u00f3n Europea no debe ser \u00fanicamente un marco econ\u00f3mico y de pol\u00edticas comunes y sobre todo de una econom\u00eda global, tambi\u00e9n debe ser el garante de la democracia y de la convivencia en el seno de cada uno de sus estados miembros. Las im\u00e1genes que el mundo ha visto de la represi\u00f3n del estado espa\u00f1ol ante la reivindicaci\u00f3n del pueblo catal\u00e1n dicen bien poco de su calidad democr\u00e1tica. Europa tendr\u00e1 que reflexionar sobre esta asignatura pendiente para no correr el riesgo de sufrir taquicardias como las que por suerte se han superado con los resultados de las \u00faltimas elecciones en Francia y Alemania.<\/p>\n ","protected":false},"excerpt":{"rendered":"<p>Vielha, 2 de octubre de 2017.- El sindic d\u2019Aran, Carlos Barrera, agradeci\u00f3 hoy en rueda de prensa el civismo compartido ayer 1 de octubre tanto para las personas que acudieron a votar como por la actuaci\u00f3n de los agentes del cuerpo de Mossos d\u2019Esquadra. Para el sindic d\u2019Aran la postura del gobierno espa\u00f1ol sigue enrocada&#8230;<\/p>\n","protected":false},"author":2,"featured_media":19308,"comment_status":"closed","ping_status":"closed","sticky":false,"template":"","format":"standard","meta":{"footnotes":""},"categories":[52,37],"tags":[],"_links":{"self":[{"href":"https:\/\/www.conselharan.org\/es\/wp-json\/wp\/v2\/posts\/19303"}],"collection":[{"href":"https:\/\/www.conselharan.org\/es\/wp-json\/wp\/v2\/posts"}],"about":[{"href":"https:\/\/www.conselharan.org\/es\/wp-json\/wp\/v2\/types\/post"}],"author":[{"embeddable":true,"href":"https:\/\/www.conselharan.org\/es\/wp-json\/wp\/v2\/users\/2"}],"replies":[{"embeddable":true,"href":"https:\/\/www.conselharan.org\/es\/wp-json\/wp\/v2\/comments?post=19303"}],"version-history":[{"count":2,"href":"https:\/\/www.conselharan.org\/es\/wp-json\/wp\/v2\/posts\/19303\/revisions"}],"predecessor-version":[{"id":19311,"href":"https:\/\/www.conselharan.org\/es\/wp-json\/wp\/v2\/posts\/19303\/revisions\/19311"}],"wp:featuredmedia":[{"embeddable":true,"href":"https:\/\/www.conselharan.org\/es\/wp-json\/wp\/v2\/media\/19308"}],"wp:attachment":[{"href":"https:\/\/www.conselharan.org\/es\/wp-json\/wp\/v2\/media?parent=19303"}],"wp:term":[{"taxonomy":"category","embeddable":true,"href":"https:\/\/www.conselharan.org\/es\/wp-json\/wp\/v2\/categories?post=19303"},{"taxonomy":"post_tag","embeddable":true,"href":"https:\/\/www.conselharan.org\/es\/wp-json\/wp\/v2\/tags?post=19303"}],"curies":[{"name":"wp","href":"https:\/\/api.w.org\/{rel}","templated":true}]}}