{"id":19353,"date":"2017-10-06T13:52:33","date_gmt":"2017-10-06T11:52:33","guid":{"rendered":"http:\/\/www.conselharan.org\/?p=19353"},"modified":"2017-10-06T13:52:33","modified_gmt":"2017-10-06T11:52:33","slug":"los-pompiers-daran-participan-en-los-xxvii-encuentros-nacionales-de-quema-de-pastos-en-francia","status":"publish","type":"post","link":"https:\/\/www.conselharan.org\/es\/los-pompiers-daran-participan-en-los-xxvii-encuentros-nacionales-de-quema-de-pastos-en-francia\/","title":{"rendered":"Los Pompi\u00e8rs d\u2019Aran participan en los XXVII Encuentros nacionales de quema de pastos en Francia"},"content":{"rendered":"<p>Vielha, 5 de octubre de 2017.- Los Pompi\u00e8rs d\u2019Aran han participado entre el\u00a0 4 y el 6 de octubre en la 27\u00aa edici\u00f3n de los Encuentros nacionales de pr\u00e1cticas sobre quema t\u00e9cnica de pastos, organizadas por la C\u00e1mara de Agricultura Haute Garonne , Saupeurs-Pompiers Haute Garonne y la Communaut\u00e9 de Communes Pyr\u00e9n\u00e9es Haut Garonnaises.<\/p>\n<p>Las diferentes presentaciones han tenido lugar en el aula de la Colonia \u00abVacances Action Sociale Arm\u00e9es\u00bb a Garin (Bagn\u00e8res de Luchon). Garin se encuentra en el valle de Larboust en el coraz\u00f3n de los Pirineos en Comminges, a 55 km al suroeste de Saint-Gaudens.<\/p>\n<p><a href=\"http:\/\/www.conselharan.org\/wp-content\/uploads\/2017\/10\/file3.jpeg\"><img loading=\"lazy\" decoding=\"async\" class=\"aligncenter size-large wp-image-19348\" src=\"http:\/\/www.conselharan.org\/wp-content\/uploads\/2017\/10\/file3-1024x768.jpeg\" alt=\"\" width=\"1024\" height=\"768\" srcset=\"https:\/\/www.conselharan.org\/wp-content\/uploads\/2017\/10\/file3-1024x768.jpeg 1024w, https:\/\/www.conselharan.org\/wp-content\/uploads\/2017\/10\/file3-300x225.jpeg 300w, https:\/\/www.conselharan.org\/wp-content\/uploads\/2017\/10\/file3-768x576.jpeg 768w, https:\/\/www.conselharan.org\/wp-content\/uploads\/2017\/10\/file3.jpeg 1600w\" sizes=\"(max-width: 1024px) 100vw, 1024px\" \/><\/a><\/p>\n<p>El encuentro sobre quemas t\u00e1cticas de pastos ha incluido entre otras actividades una sesi\u00f3n de trabajo sobre los \u00faltimos avances en fuegos t\u00e1cticos y una visita al centro de emergencias de Bagn\u00e8res de Luchon y la presentaci\u00f3n de los equipamientos.<\/p>\n<p>Durante las jornadas tambi\u00e9n se ha llevado a cabo actividades con visitas sobre el terreno de una quema realizada al borde de la monta\u00f1a para proteger la commune de Cazaril-Laspenes, y una de las quemas realizadas para evitar los aludes en el pasaje del paso de monta\u00f1a del Peyresourde.<\/p>\n<p>El encuentro ha incluido la exposici\u00f3n itinerante sobre incendios creada por la Ciudad de la Ciencia y el informe del Consejo Regional Econ\u00f3mico, Social y Ambiental de Provenza-Alpes-Costa Azul sobre la adaptaci\u00f3n al cambio clim\u00e1tico en esta zona de Francia.<\/p>\n<p><a href=\"http:\/\/www.conselharan.org\/wp-content\/uploads\/2017\/10\/file5.jpeg\"><img loading=\"lazy\" decoding=\"async\" class=\"aligncenter size-large wp-image-19351\" src=\"http:\/\/www.conselharan.org\/wp-content\/uploads\/2017\/10\/file5-1024x768.jpeg\" alt=\"\" width=\"1024\" height=\"768\" srcset=\"https:\/\/www.conselharan.org\/wp-content\/uploads\/2017\/10\/file5-1024x768.jpeg 1024w, https:\/\/www.conselharan.org\/wp-content\/uploads\/2017\/10\/file5-300x225.jpeg 300w, https:\/\/www.conselharan.org\/wp-content\/uploads\/2017\/10\/file5-768x576.jpeg 768w, https:\/\/www.conselharan.org\/wp-content\/uploads\/2017\/10\/file5.jpeg 1600w\" sizes=\"(max-width: 1024px) 100vw, 1024px\" \/><\/a> <a href=\"http:\/\/www.conselharan.org\/wp-content\/uploads\/2017\/10\/file-2.jpeg\"><img loading=\"lazy\" decoding=\"async\" class=\"aligncenter size-large wp-image-19347\" src=\"http:\/\/www.conselharan.org\/wp-content\/uploads\/2017\/10\/file-2-1024x768.jpeg\" alt=\"\" width=\"1024\" height=\"768\" srcset=\"https:\/\/www.conselharan.org\/wp-content\/uploads\/2017\/10\/file-2-1024x768.jpeg 1024w, https:\/\/www.conselharan.org\/wp-content\/uploads\/2017\/10\/file-2-300x225.jpeg 300w, https:\/\/www.conselharan.org\/wp-content\/uploads\/2017\/10\/file-2-768x576.jpeg 768w, https:\/\/www.conselharan.org\/wp-content\/uploads\/2017\/10\/file-2.jpeg 1600w\" sizes=\"(max-width: 1024px) 100vw, 1024px\" \/><\/a><\/p>\n ","protected":false},"excerpt":{"rendered":"<p>Vielha, 5 de octubre de 2017.- Los Pompi\u00e8rs d\u2019Aran han participado entre el\u00a0 4 y el 6 de octubre en la 27\u00aa edici\u00f3n de los Encuentros nacionales de pr\u00e1cticas sobre quema t\u00e9cnica de pastos, organizadas por la C\u00e1mara de Agricultura Haute Garonne , Saupeurs-Pompiers Haute Garonne y la Communaut\u00e9 de Communes Pyr\u00e9n\u00e9es Haut Garonnaises. Las&#8230;<\/p>\n","protected":false},"author":2,"featured_media":19348,"comment_status":"closed","ping_status":"closed","sticky":false,"template":"","format":"standard","meta":{"footnotes":""},"categories":[52],"tags":[],"_links":{"self":[{"href":"https:\/\/www.conselharan.org\/es\/wp-json\/wp\/v2\/posts\/19353"}],"collection":[{"href":"https:\/\/www.conselharan.org\/es\/wp-json\/wp\/v2\/posts"}],"about":[{"href":"https:\/\/www.conselharan.org\/es\/wp-json\/wp\/v2\/types\/post"}],"author":[{"embeddable":true,"href":"https:\/\/www.conselharan.org\/es\/wp-json\/wp\/v2\/users\/2"}],"replies":[{"embeddable":true,"href":"https:\/\/www.conselharan.org\/es\/wp-json\/wp\/v2\/comments?post=19353"}],"version-history":[{"count":1,"href":"https:\/\/www.conselharan.org\/es\/wp-json\/wp\/v2\/posts\/19353\/revisions"}],"predecessor-version":[{"id":19354,"href":"https:\/\/www.conselharan.org\/es\/wp-json\/wp\/v2\/posts\/19353\/revisions\/19354"}],"wp:featuredmedia":[{"embeddable":true,"href":"https:\/\/www.conselharan.org\/es\/wp-json\/wp\/v2\/media\/19348"}],"wp:attachment":[{"href":"https:\/\/www.conselharan.org\/es\/wp-json\/wp\/v2\/media?parent=19353"}],"wp:term":[{"taxonomy":"category","embeddable":true,"href":"https:\/\/www.conselharan.org\/es\/wp-json\/wp\/v2\/categories?post=19353"},{"taxonomy":"post_tag","embeddable":true,"href":"https:\/\/www.conselharan.org\/es\/wp-json\/wp\/v2\/tags?post=19353"}],"curies":[{"name":"wp","href":"https:\/\/api.w.org\/{rel}","templated":true}]}}