{"id":19364,"date":"2017-10-06T14:36:52","date_gmt":"2017-10-06T12:36:52","guid":{"rendered":"http:\/\/www.conselharan.org\/?p=19364"},"modified":"2017-10-06T14:41:37","modified_gmt":"2017-10-06T12:41:37","slug":"les-inicia-el-calendario-de-ferias-del-ganado-del-valle-de-aran","status":"publish","type":"post","link":"https:\/\/www.conselharan.org\/es\/les-inicia-el-calendario-de-ferias-del-ganado-del-valle-de-aran\/","title":{"rendered":"Les inicia el calendario de Ferias del Ganado del Valle de Aran"},"content":{"rendered":"<p>Vielha, 6 de octubre de 2017.- Les es la primera poblaci\u00f3n del Valle de Aran que celebra hoy 6 de octubre su Feria del Ganado.<\/p>\n<p>La Feria ha comenzado pronto por la ma\u00f1ana con la llegada del ganado al recinto ferial, con la tradicional feria de caballos, poneys, burros, mulas y ovejas, y ha continuado con el desayuno popular. Cabe destacar la asistencia de numeroso p\u00fablico interesado en los productos gastron\u00f3micos y artesanos que tambi\u00e9n ofrece la feria.<\/p>\n<p>Ma\u00f1ana es el turno de la Feria de Salard\u00fa, con la celebraci\u00f3n del XIV Concurso Morfol\u00f3gico Comarcal del \u00abCaballo Pirenaico Catal\u00e1n\u00bb y el pr\u00f3ximo domingo 8 de octubre llega la feria de Vielha que incluye el XXXI Concurso de Ganado, con el desayuno popular a las 10:00h y el reparto de premios a los agricultores y ganaderos participantes a las 12:00h.<\/p>\n<p><a href=\"http:\/\/www.conselharan.org\/wp-content\/uploads\/2017\/10\/Foto-6-10-17-10-35-17.jpg\"><img loading=\"lazy\" decoding=\"async\" class=\"aligncenter size-large wp-image-19360\" src=\"http:\/\/www.conselharan.org\/wp-content\/uploads\/2017\/10\/Foto-6-10-17-10-35-17-1024x768.jpg\" alt=\"\" width=\"1024\" height=\"768\" srcset=\"https:\/\/www.conselharan.org\/wp-content\/uploads\/2017\/10\/Foto-6-10-17-10-35-17-1024x768.jpg 1024w, https:\/\/www.conselharan.org\/wp-content\/uploads\/2017\/10\/Foto-6-10-17-10-35-17-300x225.jpg 300w, https:\/\/www.conselharan.org\/wp-content\/uploads\/2017\/10\/Foto-6-10-17-10-35-17-768x576.jpg 768w\" sizes=\"(max-width: 1024px) 100vw, 1024px\" \/><\/a><\/p>\n<p>&nbsp;<\/p>\n<p><a href=\"http:\/\/www.conselharan.org\/wp-content\/uploads\/2017\/10\/Foto-6-10-17-11-08-53.jpg\"><img loading=\"lazy\" decoding=\"async\" class=\"aligncenter size-large wp-image-19368\" src=\"http:\/\/www.conselharan.org\/wp-content\/uploads\/2017\/10\/Foto-6-10-17-11-08-53-1024x768.jpg\" alt=\"\" width=\"1024\" height=\"768\" srcset=\"https:\/\/www.conselharan.org\/wp-content\/uploads\/2017\/10\/Foto-6-10-17-11-08-53-1024x768.jpg 1024w, https:\/\/www.conselharan.org\/wp-content\/uploads\/2017\/10\/Foto-6-10-17-11-08-53-300x225.jpg 300w, https:\/\/www.conselharan.org\/wp-content\/uploads\/2017\/10\/Foto-6-10-17-11-08-53-768x576.jpg 768w\" sizes=\"(max-width: 1024px) 100vw, 1024px\" \/><\/a> <a href=\"http:\/\/www.conselharan.org\/wp-content\/uploads\/2017\/10\/Foto-6-10-17-11-40-58.jpg\"><img loading=\"lazy\" decoding=\"async\" class=\"aligncenter size-large wp-image-19369\" src=\"http:\/\/www.conselharan.org\/wp-content\/uploads\/2017\/10\/Foto-6-10-17-11-40-58-1024x768.jpg\" alt=\"\" width=\"1024\" height=\"768\" srcset=\"https:\/\/www.conselharan.org\/wp-content\/uploads\/2017\/10\/Foto-6-10-17-11-40-58-1024x768.jpg 1024w, https:\/\/www.conselharan.org\/wp-content\/uploads\/2017\/10\/Foto-6-10-17-11-40-58-300x225.jpg 300w, https:\/\/www.conselharan.org\/wp-content\/uploads\/2017\/10\/Foto-6-10-17-11-40-58-768x576.jpg 768w\" sizes=\"(max-width: 1024px) 100vw, 1024px\" \/><\/a><\/p>\n<p>&nbsp;<\/p>\n ","protected":false},"excerpt":{"rendered":"<p>Vielha, 6 de octubre de 2017.- Les es la primera poblaci\u00f3n del Valle de Aran que celebra hoy 6 de octubre su Feria del Ganado. La Feria ha comenzado pronto por la ma\u00f1ana con la llegada del ganado al recinto ferial, con la tradicional feria de caballos, poneys, burros, mulas y ovejas, y ha continuado&#8230;<\/p>\n","protected":false},"author":2,"featured_media":19360,"comment_status":"closed","ping_status":"closed","sticky":false,"template":"","format":"standard","meta":{"footnotes":""},"categories":[34],"tags":[],"_links":{"self":[{"href":"https:\/\/www.conselharan.org\/es\/wp-json\/wp\/v2\/posts\/19364"}],"collection":[{"href":"https:\/\/www.conselharan.org\/es\/wp-json\/wp\/v2\/posts"}],"about":[{"href":"https:\/\/www.conselharan.org\/es\/wp-json\/wp\/v2\/types\/post"}],"author":[{"embeddable":true,"href":"https:\/\/www.conselharan.org\/es\/wp-json\/wp\/v2\/users\/2"}],"replies":[{"embeddable":true,"href":"https:\/\/www.conselharan.org\/es\/wp-json\/wp\/v2\/comments?post=19364"}],"version-history":[{"count":3,"href":"https:\/\/www.conselharan.org\/es\/wp-json\/wp\/v2\/posts\/19364\/revisions"}],"predecessor-version":[{"id":19370,"href":"https:\/\/www.conselharan.org\/es\/wp-json\/wp\/v2\/posts\/19364\/revisions\/19370"}],"wp:featuredmedia":[{"embeddable":true,"href":"https:\/\/www.conselharan.org\/es\/wp-json\/wp\/v2\/media\/19360"}],"wp:attachment":[{"href":"https:\/\/www.conselharan.org\/es\/wp-json\/wp\/v2\/media?parent=19364"}],"wp:term":[{"taxonomy":"category","embeddable":true,"href":"https:\/\/www.conselharan.org\/es\/wp-json\/wp\/v2\/categories?post=19364"},{"taxonomy":"post_tag","embeddable":true,"href":"https:\/\/www.conselharan.org\/es\/wp-json\/wp\/v2\/tags?post=19364"}],"curies":[{"name":"wp","href":"https:\/\/api.w.org\/{rel}","templated":true}]}}