{"id":19389,"date":"2017-10-09T14:32:18","date_gmt":"2017-10-09T12:32:18","guid":{"rendered":"http:\/\/www.conselharan.org\/?p=19389"},"modified":"2017-10-09T14:32:18","modified_gmt":"2017-10-09T12:32:18","slug":"el-centro-de-prediccion-de-lauegi-de-la-val-daran-participa-en-andorra-en-las-v-jornadas-tecnicas-de-nieve-y-aludes","status":"publish","type":"post","link":"https:\/\/www.conselharan.org\/es\/el-centro-de-prediccion-de-lauegi-de-la-val-daran-participa-en-andorra-en-las-v-jornadas-tecnicas-de-nieve-y-aludes\/","title":{"rendered":"El Centro de Predicci\u00f3n de Lauegi de la Val d\u2019Aran participa en Andorra en las V Jornadas t\u00e9cnicas de nieve y aludes"},"content":{"rendered":"<p>Vielha, 9 de octubre de 2017.- El Instituto Cartogr\u00e1fico y Geol\u00f3gico de Catalunya (ICGC), el Instituto de Estudios Andorranos (IEA), el Observatorio de la Sostenibilidad de Andorra, el Servicio Meteorol\u00f3gico de Catalunya y el <strong>Conselh Generau d\u2019Aran<\/strong>, con la presencia del conselh\u00e8r de Territorio, <strong>Jose Antonio Boya<\/strong>, a trav\u00e9s del <strong>Centro de Predicci\u00f3n de Lauegi de la Val d\u2019Aran<\/strong>, organizan entre el 9 y el 11 de octubre las V Jornadas T\u00e9cnicas de nieve y aludes (Pyrenean Symposium on Snow and Avalanches), que en esta 5\u00aa edici\u00f3n se celebran en el Andorra Congr\u00e9s Centre de la poblaci\u00f3n de Ordino (Andorra).<\/p>\n<p><a href=\"http:\/\/www.conselharan.org\/wp-content\/uploads\/2017\/10\/WhatsApp-Image-2017-10-09-at-12.20.351.jpeg\"><img loading=\"lazy\" decoding=\"async\" class=\"aligncenter size-large wp-image-19384\" src=\"http:\/\/www.conselharan.org\/wp-content\/uploads\/2017\/10\/WhatsApp-Image-2017-10-09-at-12.20.351-1024x768.jpeg\" alt=\"\" width=\"1024\" height=\"768\" srcset=\"https:\/\/www.conselharan.org\/wp-content\/uploads\/2017\/10\/WhatsApp-Image-2017-10-09-at-12.20.351.jpeg 1024w, https:\/\/www.conselharan.org\/wp-content\/uploads\/2017\/10\/WhatsApp-Image-2017-10-09-at-12.20.351-300x225.jpeg 300w, https:\/\/www.conselharan.org\/wp-content\/uploads\/2017\/10\/WhatsApp-Image-2017-10-09-at-12.20.351-768x576.jpeg 768w\" sizes=\"(max-width: 1024px) 100vw, 1024px\" \/><\/a><\/p>\n<p>Las anteriores ediciones de las jornadas t\u00e9cnicas de nieve y aludes, se celebraron en Barcelona (2) y en el Valle de Aran (2).<\/p>\n<p>Estas jornadas son un punto de encuentro de aquellas personas que, tanto particular como profesionalmente, est\u00e1n interesadas en el mundo de la nieve y de los aludes. Las jornadas de este a\u00f1o se estructurar\u00e1n en los bloques tem\u00e1ticos siguientes:<\/p>\n<ul>\n<li>Meteorolog\u00eda de monta\u00f1a.<\/li>\n<li>Nieve y recursos h\u00eddricos.<\/li>\n<li>Cambio clim\u00e1tico.<\/li>\n<li>Predicci\u00f3n de aludes.<\/li>\n<li>Cartograf\u00eda de aludes.<\/li>\n<li>Din\u00e1mica de aludes.<\/li>\n<li>Prevenci\u00f3n y protecci\u00f3n.<\/li>\n<li>Seguridad en actividades de monta\u00f1a.<\/li>\n<li>Divulgaci\u00f3n.<\/li>\n<\/ul>\n<p>&nbsp;<\/p>\n<p>Las jornadas constar\u00e1n de conferencias invitadas, presentaciones orales y p\u00f3sters. Se incluir\u00e1 un espacio de exposici\u00f3n para empresas e instituciones con actividades relacionadas con la tem\u00e1tica de las jornadas.<\/p>\n<p>Dentro de las conferencias destaca la de <strong>Montse Bacardit<\/strong>, sobre \u00abCapas d\u00e9biles persistentes: cr\u00f3nica y lecciones aprendidas del principal problema de aludes en la Val d&#8217;Aran la temporada 2016-2017\u00bb, y la mesa redonda con la participaci\u00f3n de <strong>Aymar Navarro, I\u00f1igo Ayll\u00f3n, Francisco Poujarniscle, Carlos Garc\u00eda y Ivan Moner<\/strong>, abierta al p\u00fablico, con profesionales del \u00e1mbito de la predicci\u00f3n de aludes, gu\u00edas de monta\u00f1a y deportistas.<\/p>\n<p>El \u00faltimo d\u00eda se visitar\u00e1n sobre el terreno diferentes lugares de inter\u00e9s de la parroquia de Ordino vinculados con la tem\u00e1tica de las jornadas.<\/p>\n<p>Para m\u00e1s informaci\u00f3n, se puede consultar la p\u00e1gina web local de las jornadas de 2017: <a href=\"http:\/\/www.snowandavalanches.ad\">www.snowandavalanches.ad<\/a><\/p>\n<p><a href=\"http:\/\/www.conselharan.org\/wp-content\/uploads\/2017\/10\/WhatsApp-Image-2017-10-09-at-12.20.35.jpeg\"><img loading=\"lazy\" decoding=\"async\" class=\"aligncenter size-large wp-image-19385\" src=\"http:\/\/www.conselharan.org\/wp-content\/uploads\/2017\/10\/WhatsApp-Image-2017-10-09-at-12.20.35-1024x768.jpeg\" alt=\"\" width=\"1024\" height=\"768\" srcset=\"https:\/\/www.conselharan.org\/wp-content\/uploads\/2017\/10\/WhatsApp-Image-2017-10-09-at-12.20.35.jpeg 1024w, https:\/\/www.conselharan.org\/wp-content\/uploads\/2017\/10\/WhatsApp-Image-2017-10-09-at-12.20.35-300x225.jpeg 300w, https:\/\/www.conselharan.org\/wp-content\/uploads\/2017\/10\/WhatsApp-Image-2017-10-09-at-12.20.35-768x576.jpeg 768w\" sizes=\"(max-width: 1024px) 100vw, 1024px\" \/><\/a><\/p>\n ","protected":false},"excerpt":{"rendered":"<p>Vielha, 9 de octubre de 2017.- El Instituto Cartogr\u00e1fico y Geol\u00f3gico de Catalunya (ICGC), el Instituto de Estudios Andorranos (IEA), el Observatorio de la Sostenibilidad de Andorra, el Servicio Meteorol\u00f3gico de Catalunya y el Conselh Generau d\u2019Aran, con la presencia del conselh\u00e8r de Territorio, Jose Antonio Boya, a trav\u00e9s del Centro de Predicci\u00f3n de Lauegi&#8230;<\/p>\n","protected":false},"author":2,"featured_media":19384,"comment_status":"closed","ping_status":"closed","sticky":false,"template":"","format":"standard","meta":{"footnotes":""},"categories":[52],"tags":[],"_links":{"self":[{"href":"https:\/\/www.conselharan.org\/es\/wp-json\/wp\/v2\/posts\/19389"}],"collection":[{"href":"https:\/\/www.conselharan.org\/es\/wp-json\/wp\/v2\/posts"}],"about":[{"href":"https:\/\/www.conselharan.org\/es\/wp-json\/wp\/v2\/types\/post"}],"author":[{"embeddable":true,"href":"https:\/\/www.conselharan.org\/es\/wp-json\/wp\/v2\/users\/2"}],"replies":[{"embeddable":true,"href":"https:\/\/www.conselharan.org\/es\/wp-json\/wp\/v2\/comments?post=19389"}],"version-history":[{"count":1,"href":"https:\/\/www.conselharan.org\/es\/wp-json\/wp\/v2\/posts\/19389\/revisions"}],"predecessor-version":[{"id":19390,"href":"https:\/\/www.conselharan.org\/es\/wp-json\/wp\/v2\/posts\/19389\/revisions\/19390"}],"wp:featuredmedia":[{"embeddable":true,"href":"https:\/\/www.conselharan.org\/es\/wp-json\/wp\/v2\/media\/19384"}],"wp:attachment":[{"href":"https:\/\/www.conselharan.org\/es\/wp-json\/wp\/v2\/media?parent=19389"}],"wp:term":[{"taxonomy":"category","embeddable":true,"href":"https:\/\/www.conselharan.org\/es\/wp-json\/wp\/v2\/categories?post=19389"},{"taxonomy":"post_tag","embeddable":true,"href":"https:\/\/www.conselharan.org\/es\/wp-json\/wp\/v2\/tags?post=19389"}],"curies":[{"name":"wp","href":"https:\/\/api.w.org\/{rel}","templated":true}]}}