{"id":19411,"date":"2017-10-11T10:23:53","date_gmt":"2017-10-11T08:23:53","guid":{"rendered":"http:\/\/www.conselharan.org\/?p=19411"},"modified":"2017-10-11T10:23:53","modified_gmt":"2017-10-11T08:23:53","slug":"constitucion-de-la-asociacion-es-paums-en-vilamos","status":"publish","type":"post","link":"https:\/\/www.conselharan.org\/es\/constitucion-de-la-asociacion-es-paums-en-vilamos\/","title":{"rendered":"Constituci\u00f3n de la asociaci\u00f3n \u201cEs Paums\u201d en Vilam\u00f2s"},"content":{"rendered":"<p>Vielha, 10 de octubre de 2017.- El pasado viernes d\u00eda 6 de Octubre en el programa de Lleida TV sobre Vilam\u00f2s, se dio a conocer la constituci\u00f3n de la entidad sin \u00e1nimo de lucro <strong>\u201cES PAUMS, Associacion t\u00e0 prom\u00f2ir era musica, era lengua e era cultura aranesa\u201d<\/strong>.<\/p>\n<p><a href=\"http:\/\/www.conselharan.org\/wp-content\/uploads\/2017\/10\/Vilamos-seden\u00e7a-dera-Associacion.jpg\"><img loading=\"lazy\" decoding=\"async\" class=\"aligncenter size-full wp-image-19409\" src=\"http:\/\/www.conselharan.org\/wp-content\/uploads\/2017\/10\/Vilamos-seden\u00e7a-dera-Associacion.jpg\" alt=\"\" width=\"900\" height=\"459\" srcset=\"https:\/\/www.conselharan.org\/wp-content\/uploads\/2017\/10\/Vilamos-seden\u00e7a-dera-Associacion.jpg 900w, https:\/\/www.conselharan.org\/wp-content\/uploads\/2017\/10\/Vilamos-seden\u00e7a-dera-Associacion-300x153.jpg 300w, https:\/\/www.conselharan.org\/wp-content\/uploads\/2017\/10\/Vilamos-seden\u00e7a-dera-Associacion-768x392.jpg 768w\" sizes=\"(max-width: 900px) 100vw, 900px\" \/><\/a><\/p>\n<p>El anuncio lo hicieron los representantes de la <strong>Asociaci\u00f3n<\/strong> durante la emisi\u00f3n\u00a0 del programa Cafe\u00edna que el d\u00eda 6 instal\u00f3 su plat\u00f3 en Vilam\u00f2s con el fin de emitir un especial sobre el pueblo con motivo de haber conseguido el <strong>Premio de Vilam\u00f2s como Pueblo m\u00e1s bonito de Lleida<\/strong>, seg\u00fan los lectores del <em>Diari Segre<\/em>, que en unas votaciones con m\u00e1s de 200 pueblos candidatos han otorgado a <em>Vilam\u00f2s<\/em> el 52% de los votos.<\/p>\n<p>La <strong>Asociaci\u00f3n ES PAUMS<\/strong> tiene su sede social en Vilam\u00f2s (Val d\u2019Aran) pero su \u00e1mbito de actuaci\u00f3n es la Val d\u2019Aran y toda Occitania.<\/p>\n<p>Sus fines fundacionales son promover la m\u00fasica, la lengua, la cultura aranesa y cualquiera actividad que tenga que ver con la identidad aranesa y quiere agrupar a todos los que est\u00e9n interesados.<\/p>\n<p>Entre sus proyectos m\u00e1s inmediatos est\u00e1n:\u00a0 componer, editar e interpretar m\u00fasica en aran\u00e9s, poner m\u00fasica a los textos de poetas araneses y difundir los atractivos\u00a0 culturales y tur\u00edsticos de Vilam\u00f2s y de la Val d\u2019Aran.<\/p>\n<p>Hasta el momento de su constituci\u00f3n la <strong>Asociaci\u00f3n ES PAUMS <\/strong>(antes Grop de Musica) ya ha llevado a cabo proyectos relacionados con sus fines fundacionales: edici\u00f3n del videoclip en aran\u00e9s <em>Net de Huec<\/em>, edici\u00f3n del CD de musica aranesa <em>ERA SOCA DE NADAU<\/em> basado en textos del poeta J\u00e8p de Montoya con la colaboraci\u00f3n del <strong>Conselh Generau d\u2019Aran<\/strong> i \u00a0del Institut d\u2019Estudis Ilerdencs, campa\u00f1a para obtener el <em>Pr\u00e8mi de Vilam\u00f2s como el Pueblo m\u00e1s Bonito de Lleida<\/em>, edici\u00f3n de los <em>G\u00f2is a Sant R\u00f2c de Vilam\u00f2s<\/em> con la colaboraci\u00f3n del Conselh Generau d\u2019Aran<em>,<\/em> homenaje y edici\u00f3n del folleto biogr\u00e1fico del fil\u00f3logo <em>Joan Coromines<\/em> con la colaboraci\u00f3n del Institut d\u2019Estudis Aranesi &#8211; Acad\u00e8mia Aranesa dera lengua occitana<em>,<\/em> organizaci\u00f3n del <em>Torneg Popular de T\u00e8nnis de Taula de Vilam\u00f2s<\/em> con la colaboraci\u00f3n del <em>Ajuntament de Vilam\u00f2s<\/em>, gesti\u00f3n del <em>Grop de Conv\u00e8rsa aran\u00e9s\/occitan<\/em> con la colaboraci\u00f3n del Institut de Lleng\u00fces de la Universitat de Lleida, conciertos de m\u00fasica aranesa, concierto y misa cantada en aran\u00e9s de <em>Es Paoesses<\/em>, campa\u00f1a para la creaci\u00f3n del logotipo <em>\u201cVilam\u00f2s, ti\u00f2 cultura e natura<\/em>\u201d y la colaboraci\u00f3n con la plataforma de aprendizaje on-line del aran\u00e9s <em>Club Aran\u00e9s<\/em>.<\/p>\n<p>Desde la <strong>Asociaci\u00f3n<\/strong> <strong>ES PAUMS<\/strong> animan a todo el mundo, sea o no de la Val d\u2019Aran a\u00a0 unirse al proyecto. M\u00e1s informaci\u00f3n en: <a href=\"mailto:espaums@gmail.com\">espaums@gmail.com<\/a> o en Facebook: <a href=\"https:\/\/www.facebook.com\/AssociacionEsPaums\/\">https:\/\/www.facebook.com\/AssociacionEsPaums\/<\/a><\/p>\n ","protected":false},"excerpt":{"rendered":"<p>Vielha, 10 de octubre de 2017.- El pasado viernes d\u00eda 6 de Octubre en el programa de Lleida TV sobre Vilam\u00f2s, se dio a conocer la constituci\u00f3n de la entidad sin \u00e1nimo de lucro \u201cES PAUMS, Associacion t\u00e0 prom\u00f2ir era musica, era lengua e era cultura aranesa\u201d. El anuncio lo hicieron los representantes de la&#8230;<\/p>\n","protected":false},"author":2,"featured_media":19409,"comment_status":"closed","ping_status":"closed","sticky":false,"template":"","format":"standard","meta":{"footnotes":""},"categories":[34],"tags":[],"_links":{"self":[{"href":"https:\/\/www.conselharan.org\/es\/wp-json\/wp\/v2\/posts\/19411"}],"collection":[{"href":"https:\/\/www.conselharan.org\/es\/wp-json\/wp\/v2\/posts"}],"about":[{"href":"https:\/\/www.conselharan.org\/es\/wp-json\/wp\/v2\/types\/post"}],"author":[{"embeddable":true,"href":"https:\/\/www.conselharan.org\/es\/wp-json\/wp\/v2\/users\/2"}],"replies":[{"embeddable":true,"href":"https:\/\/www.conselharan.org\/es\/wp-json\/wp\/v2\/comments?post=19411"}],"version-history":[{"count":1,"href":"https:\/\/www.conselharan.org\/es\/wp-json\/wp\/v2\/posts\/19411\/revisions"}],"predecessor-version":[{"id":19412,"href":"https:\/\/www.conselharan.org\/es\/wp-json\/wp\/v2\/posts\/19411\/revisions\/19412"}],"wp:featuredmedia":[{"embeddable":true,"href":"https:\/\/www.conselharan.org\/es\/wp-json\/wp\/v2\/media\/19409"}],"wp:attachment":[{"href":"https:\/\/www.conselharan.org\/es\/wp-json\/wp\/v2\/media?parent=19411"}],"wp:term":[{"taxonomy":"category","embeddable":true,"href":"https:\/\/www.conselharan.org\/es\/wp-json\/wp\/v2\/categories?post=19411"},{"taxonomy":"post_tag","embeddable":true,"href":"https:\/\/www.conselharan.org\/es\/wp-json\/wp\/v2\/tags?post=19411"}],"curies":[{"name":"wp","href":"https:\/\/api.w.org\/{rel}","templated":true}]}}