{"id":19449,"date":"2017-10-16T19:08:03","date_gmt":"2017-10-16T17:08:03","guid":{"rendered":"http:\/\/www.conselharan.org\/?p=19449"},"modified":"2017-10-16T19:08:03","modified_gmt":"2017-10-16T17:08:03","slug":"actividad-conjunta-de-la-escuela-garona-y-del-grm-los-bomberos-de-aran-dentro-del-programa-erasmus","status":"publish","type":"post","link":"https:\/\/www.conselharan.org\/es\/actividad-conjunta-de-la-escuela-garona-y-del-grm-los-bomberos-de-aran-dentro-del-programa-erasmus\/","title":{"rendered":"Actividad conjunta de la Escuela Garona y del GRM los Bomberos de Aran dentro del Programa Erasmus +"},"content":{"rendered":"<p>Vielha, 16 de octubre de 2017.- 155 ni\u00f1os y ni\u00f1as; 46 italianos, 49 franceses y unos sesenta araneses, han participado en las actividades l\u00fadicas organizadas por la Escuela Garona junto con el GRM (Grupo de Rescate de Monta\u00f1a) de los Pompi\u00e8rs d\u2019Aran, en el intercambio del Programa Erasmus +. Actividades que les permiten profundizar en este intercambio.<\/p>\n<p><a href=\"http:\/\/www.conselharan.org\/wp-content\/uploads\/2017\/10\/IMG_1941.jpg\"><img loading=\"lazy\" decoding=\"async\" class=\"aligncenter size-large wp-image-19445\" src=\"http:\/\/www.conselharan.org\/wp-content\/uploads\/2017\/10\/IMG_1941-1024x768.jpg\" alt=\"\" width=\"1024\" height=\"768\" srcset=\"https:\/\/www.conselharan.org\/wp-content\/uploads\/2017\/10\/IMG_1941-1024x768.jpg 1024w, https:\/\/www.conselharan.org\/wp-content\/uploads\/2017\/10\/IMG_1941-300x225.jpg 300w, https:\/\/www.conselharan.org\/wp-content\/uploads\/2017\/10\/IMG_1941-768x576.jpg 768w\" sizes=\"(max-width: 1024px) 100vw, 1024px\" \/><\/a><\/p>\n<p>El GRM de los Pompi\u00e8rs d\u2019Aran, ha preparado tres talleres de prevenci\u00f3n y seguridad en monta\u00f1a, uno de tirolina cruzando el r\u00edo, otro de iniciaci\u00f3n de r\u00e1pel y el tercero de rescate de aludes, con b\u00fasqueda con ARVA y el material que se utiliza en un rescate, que abren la posibilidad de desarrollar m\u00e1s actividades relacionadas con la prevenci\u00f3n y la seguridad en la monta\u00f1a para que los ni\u00f1os y ni\u00f1as puedan desarrollarse con seguridad en este medio.<\/p>\n<p>Estas actividades se incluyen dentro del intercambio de profesores y alumnos en el programa Erasmus + \u00abEl jard\u00edn &#8230; en la mesa, dalla tavola &#8230; \u00e0 la poubelle\u00bb, de educaci\u00f3n infantil, primaria y secundaria a trav\u00e9s de actividades de ense\u00f1anza bi-pluriling\u00fce y digital que velen por la gesti\u00f3n del entorno, la biodiversidad, la actitud de los consumidores y ciudadanos responsables, el reciclaje, la reutilizaci\u00f3n, la alimentaci\u00f3n y educaci\u00f3n para la salud.<\/p>\n<p>El proyecto va dirigido a una red de partenaires de tres regiones: Languedoc-Roussillon, Valle de Aosta y Piamonte, y la Val d&#8217;Aran.<\/p>\n<p>Los alumnos de 6\u00ba curso de educaci\u00f3n primaria de la Escuela Garona y alumnos franceses viajaron por el Valle de Aosta el mes de mayo pasado y, ahora, esta semana del 16 de octubre, 46 alumnos italianos y 49 franceses visitan el Valle de Aran. A mediados de mayo de 2018 los alumnos araneses e italianos viajar\u00e1n a Loz\u00e8re (Francia).<\/p>\n ","protected":false},"excerpt":{"rendered":"<p>Vielha, 16 de octubre de 2017.- 155 ni\u00f1os y ni\u00f1as; 46 italianos, 49 franceses y unos sesenta araneses, han participado en las actividades l\u00fadicas organizadas por la Escuela Garona junto con el GRM (Grupo de Rescate de Monta\u00f1a) de los Pompi\u00e8rs d\u2019Aran, en el intercambio del Programa Erasmus +. Actividades que les permiten profundizar en&#8230;<\/p>\n","protected":false},"author":2,"featured_media":19445,"comment_status":"closed","ping_status":"closed","sticky":false,"template":"","format":"standard","meta":{"footnotes":""},"categories":[34],"tags":[],"_links":{"self":[{"href":"https:\/\/www.conselharan.org\/es\/wp-json\/wp\/v2\/posts\/19449"}],"collection":[{"href":"https:\/\/www.conselharan.org\/es\/wp-json\/wp\/v2\/posts"}],"about":[{"href":"https:\/\/www.conselharan.org\/es\/wp-json\/wp\/v2\/types\/post"}],"author":[{"embeddable":true,"href":"https:\/\/www.conselharan.org\/es\/wp-json\/wp\/v2\/users\/2"}],"replies":[{"embeddable":true,"href":"https:\/\/www.conselharan.org\/es\/wp-json\/wp\/v2\/comments?post=19449"}],"version-history":[{"count":1,"href":"https:\/\/www.conselharan.org\/es\/wp-json\/wp\/v2\/posts\/19449\/revisions"}],"predecessor-version":[{"id":19450,"href":"https:\/\/www.conselharan.org\/es\/wp-json\/wp\/v2\/posts\/19449\/revisions\/19450"}],"wp:featuredmedia":[{"embeddable":true,"href":"https:\/\/www.conselharan.org\/es\/wp-json\/wp\/v2\/media\/19445"}],"wp:attachment":[{"href":"https:\/\/www.conselharan.org\/es\/wp-json\/wp\/v2\/media?parent=19449"}],"wp:term":[{"taxonomy":"category","embeddable":true,"href":"https:\/\/www.conselharan.org\/es\/wp-json\/wp\/v2\/categories?post=19449"},{"taxonomy":"post_tag","embeddable":true,"href":"https:\/\/www.conselharan.org\/es\/wp-json\/wp\/v2\/tags?post=19449"}],"curies":[{"name":"wp","href":"https:\/\/api.w.org\/{rel}","templated":true}]}}