{"id":19471,"date":"2017-10-18T16:52:09","date_gmt":"2017-10-18T14:52:09","guid":{"rendered":"http:\/\/www.conselharan.org\/?p=19471"},"modified":"2017-10-18T16:52:09","modified_gmt":"2017-10-18T14:52:09","slug":"arranca-el-4o-congreso-de-agentes-forestales-y-medioambientales-en-el-valle-de-aran","status":"publish","type":"post","link":"https:\/\/www.conselharan.org\/es\/arranca-el-4o-congreso-de-agentes-forestales-y-medioambientales-en-el-valle-de-aran\/","title":{"rendered":"Arranca el 4\u00ba Congreso de Agentes Forestales y Medioambientales en el Valle de Aran  \u00a0"},"content":{"rendered":"<p>Vielha, 18 de octubre de 2017.- El sindic d\u2019Aran, <strong>Carlos Barrera<\/strong>, ha inaugurado hoy en el Santuario de Nuestra Se\u00f1ora de Mig Aran, el 4\u00ba Congreso de Agentes Forestales y Medioambientales que hasta el viernes se celebra en el Valle de Aran. El sindic d\u2019Aran ha estado acompa\u00f1ado en la inauguraci\u00f3n por Albert Alins, director general de Pol\u00edticas de Monta\u00f1a de la Generalitat de Catalunya y Mar\u00eda Verg\u00e9s, teniente de alcalde del Ayuntamiento de Vielha e Mijaran.<\/p>\n<p><a href=\"http:\/\/www.conselharan.org\/wp-content\/uploads\/2017\/10\/IMG_2202.jpg\"><img loading=\"lazy\" decoding=\"async\" class=\"aligncenter size-large wp-image-19469\" src=\"http:\/\/www.conselharan.org\/wp-content\/uploads\/2017\/10\/IMG_2202-1024x768.jpg\" alt=\"\" width=\"1024\" height=\"768\" srcset=\"https:\/\/www.conselharan.org\/wp-content\/uploads\/2017\/10\/IMG_2202-1024x768.jpg 1024w, https:\/\/www.conselharan.org\/wp-content\/uploads\/2017\/10\/IMG_2202-300x225.jpg 300w, https:\/\/www.conselharan.org\/wp-content\/uploads\/2017\/10\/IMG_2202-768x576.jpg 768w\" sizes=\"(max-width: 1024px) 100vw, 1024px\" \/><\/a><\/p>\n<p><strong>El congreso cuenta con la participaci\u00f3n de 400 inscritos procedentes de todas las CC. AA. y de Francia y Andorra.<\/strong><\/p>\n<p>&nbsp;<\/p>\n<p>La Val d&#8217;Aran acoge este congreso ofreciendo sus servicios de hosteler\u00eda y restauraci\u00f3n enmarcados con un entorno natural incomparable. Los organizadores del congreso han felicitado p\u00fablicamente la acogida y el apoyo recibidos por el Conselh Generau d\u2019Aran, as\u00ed como tambi\u00e9n han agradecido la colaboraci\u00f3n de la Diputaci\u00f3n de Lleida, Ayuntamiento de Vielha e Mijaran y del IDAPA.<\/p>\n<p>&nbsp;<\/p>\n<p>El sindic d\u2019Aran, Carlos Barrera, dijo durante el acto de inauguraci\u00f3n que \u00abun congreso de estas caracter\u00edsticas encaja perfectamente en un territorio como el Valle de Aran en el que el 65% est\u00e1 bajo figuras de protecci\u00f3n como la red Natura 2000 y PEIN, y con la singularidad de poder ejercer las competencias en la gesti\u00f3n del Medio Natural, Bosques, Caza y Pesca y Fauna Salvaje\u00bb.<\/p>\n<p>&nbsp;<\/p>\n<p>El congreso que se alargar\u00e1 hasta el viernes por la ma\u00f1ana, momento en que se leer\u00e1n las conclusiones de las diferentes mesas de trabajo, tratar\u00e1 a fondo los aspectos relacionados con la seguridad de los agentes forestales y medioambientales en sus intervenciones, as\u00ed como la aplicaci\u00f3n de las nuevas tecnolog\u00edas en el \u00e1mbito de las actuaciones de los agentes y de la importancia que cada vez m\u00e1s toma el apoyo canino en las especializaciones de rastros de muestras, venenos y productos qu\u00edmicos.<\/p>\n<p>&nbsp;<\/p>\n<p>El sindic d\u2019Aran reafirm\u00f3 la predisposici\u00f3n del Conselh Generau para que la Val d\u2019Aran acoja nuevos acontecimientos relacionados con la naturaleza y el medio ambiente, tal como ha recordado ya sucedi\u00f3 el a\u00f1o pasado cuando en Aran se celebr\u00f3 el 1er Congreso Internacional de Gesti\u00f3n de Fauna Salvaje en los Pirineos al que asistieron representantes de Francia, Andorra, Catalunya y Aran.<\/p>\n<p>&nbsp;<\/p>\n<p>Para la adaptaci\u00f3n tecnol\u00f3gica necesaria para la organizaci\u00f3n del 4\u00ba Congreso de Agentes Forestales y Medioambientales en el Santuario de Mig Aran, el Conselh Generau d\u2019Aran ha contado con la participaci\u00f3n de las empresas tecnol\u00f3gicas Aran Seguretat y Aran Conectivity, encargadas de la gesti\u00f3n del entorno wi-fi para la distribuci\u00f3n de datos y del caudal de conexi\u00f3n de alta velocidad. Ambas empresas est\u00e1n instaladas en el CEI Val d\u2019Aran de Casau.<\/p>\n ","protected":false},"excerpt":{"rendered":"<p>Vielha, 18 de octubre de 2017.- El sindic d\u2019Aran, Carlos Barrera, ha inaugurado hoy en el Santuario de Nuestra Se\u00f1ora de Mig Aran, el 4\u00ba Congreso de Agentes Forestales y Medioambientales que hasta el viernes se celebra en el Valle de Aran. El sindic d\u2019Aran ha estado acompa\u00f1ado en la inauguraci\u00f3n por Albert Alins, director&#8230;<\/p>\n","protected":false},"author":2,"featured_media":19469,"comment_status":"closed","ping_status":"closed","sticky":false,"template":"","format":"standard","meta":{"footnotes":""},"categories":[52],"tags":[],"_links":{"self":[{"href":"https:\/\/www.conselharan.org\/es\/wp-json\/wp\/v2\/posts\/19471"}],"collection":[{"href":"https:\/\/www.conselharan.org\/es\/wp-json\/wp\/v2\/posts"}],"about":[{"href":"https:\/\/www.conselharan.org\/es\/wp-json\/wp\/v2\/types\/post"}],"author":[{"embeddable":true,"href":"https:\/\/www.conselharan.org\/es\/wp-json\/wp\/v2\/users\/2"}],"replies":[{"embeddable":true,"href":"https:\/\/www.conselharan.org\/es\/wp-json\/wp\/v2\/comments?post=19471"}],"version-history":[{"count":1,"href":"https:\/\/www.conselharan.org\/es\/wp-json\/wp\/v2\/posts\/19471\/revisions"}],"predecessor-version":[{"id":19472,"href":"https:\/\/www.conselharan.org\/es\/wp-json\/wp\/v2\/posts\/19471\/revisions\/19472"}],"wp:featuredmedia":[{"embeddable":true,"href":"https:\/\/www.conselharan.org\/es\/wp-json\/wp\/v2\/media\/19469"}],"wp:attachment":[{"href":"https:\/\/www.conselharan.org\/es\/wp-json\/wp\/v2\/media?parent=19471"}],"wp:term":[{"taxonomy":"category","embeddable":true,"href":"https:\/\/www.conselharan.org\/es\/wp-json\/wp\/v2\/categories?post=19471"},{"taxonomy":"post_tag","embeddable":true,"href":"https:\/\/www.conselharan.org\/es\/wp-json\/wp\/v2\/tags?post=19471"}],"curies":[{"name":"wp","href":"https:\/\/api.w.org\/{rel}","templated":true}]}}