{"id":19479,"date":"2017-10-20T13:52:49","date_gmt":"2017-10-20T11:52:49","guid":{"rendered":"http:\/\/www.conselharan.org\/?p=19479"},"modified":"2017-10-20T13:52:49","modified_gmt":"2017-10-20T11:52:49","slug":"los-productos-de-la-marca-de-garantia-val-daran-en-la-8a-feria-mercat-de-mercats-2017","status":"publish","type":"post","link":"https:\/\/www.conselharan.org\/es\/los-productos-de-la-marca-de-garantia-val-daran-en-la-8a-feria-mercat-de-mercats-2017\/","title":{"rendered":"Los productos de la Marca de Garant\u00eda Val d\u2019Aran en la 8\u00aa feria \u00abMercat de Mercats 2017\u00bb"},"content":{"rendered":"<p>Vielha, 20 de octubre de 2017.- Un a\u00f1o m\u00e1s el Valle de Aran participa en la gran fiesta del producto y la gastronom\u00eda que se celebra en la Avenida de la Catedral de Barcelona entre el 20 y el 22 de octubre.<\/p>\n<p><a href=\"http:\/\/www.conselharan.org\/wp-content\/uploads\/2017\/10\/WhatsApp-Image-2017-10-20-at-11.45.462.jpeg\"><img loading=\"lazy\" decoding=\"async\" class=\"aligncenter size-large wp-image-19476\" src=\"http:\/\/www.conselharan.org\/wp-content\/uploads\/2017\/10\/WhatsApp-Image-2017-10-20-at-11.45.462-1024x768.jpeg\" alt=\"\" width=\"1024\" height=\"768\" \/><\/a><\/p>\n<p><strong>\u00abMercat de Mercats 2017\u00bb<\/strong> llenar\u00e1 de olores, sabores y colores el centro de Barcelona, \u200b\u200bcon la presencia de los productores del Valle de Aran a trav\u00e9s de los productos de la <strong>\u00abMarca de Garant\u00eda de la Val d&#8217;Aran\u00bb.<\/strong><\/p>\n<p>\u00abMercat de Mercats\u00bb, que este a\u00f1o llega a la 8\u00aa edici\u00f3n, es una feria pensada para promocionar los productos de calidad y de proximidad en la que se pueden encontrar productos procedentes de toda Catalunya.<\/p>\n<p>El Valle de Aran participar\u00e1 como colaborador promocionando la gastronom\u00eda aranesa. Se vender\u00e1n los productos del territorio incluidos los del sello \u00abProductos de la Marca de Garant\u00eda Val d\u2019Aran\u00bb, adem\u00e1s de promover la restauraci\u00f3n y toda la actividad gastron\u00f3mica que se realiza a lo largo del a\u00f1o dentro y fuera del Valle de Aran. La Escuela de Hosteler\u00eda de Les-Val d\u2019Aran elaborar\u00e1 diversos platos con productos de la Marca de Garant\u00eda, como por ejemplo la <strong>inigualable Olha aranesa.<\/strong><\/p>\n<p>\u00abMercat de Mercats\u00bb incluye diferentes actividades en un \u00fanico espacio con presencia de productores, comerciantes y cocineros que permite acercar a los ciudadanos de manera l\u00fadica y pedag\u00f3gica lo mejor de los productos de los mercados, y donde se espera la asistencia de m\u00e1s de 260.000 personas.<\/p>\n<p><a href=\"http:\/\/www.conselharan.org\/wp-content\/uploads\/2017\/10\/WhatsApp-Image-2017-10-20-at-11.45.48.jpeg\"><img loading=\"lazy\" decoding=\"async\" class=\"aligncenter size-large wp-image-19477\" src=\"http:\/\/www.conselharan.org\/wp-content\/uploads\/2017\/10\/WhatsApp-Image-2017-10-20-at-11.45.48-1024x768.jpeg\" alt=\"\" width=\"1024\" height=\"768\" srcset=\"https:\/\/www.conselharan.org\/wp-content\/uploads\/2017\/10\/WhatsApp-Image-2017-10-20-at-11.45.48-1024x768.jpeg 1024w, https:\/\/www.conselharan.org\/wp-content\/uploads\/2017\/10\/WhatsApp-Image-2017-10-20-at-11.45.48-300x225.jpeg 300w, https:\/\/www.conselharan.org\/wp-content\/uploads\/2017\/10\/WhatsApp-Image-2017-10-20-at-11.45.48-768x576.jpeg 768w, https:\/\/www.conselharan.org\/wp-content\/uploads\/2017\/10\/WhatsApp-Image-2017-10-20-at-11.45.48.jpeg 1600w\" sizes=\"(max-width: 1024px) 100vw, 1024px\" \/><\/a><\/p>\n<p>&nbsp;<\/p>\n ","protected":false},"excerpt":{"rendered":"<p>Vielha, 20 de octubre de 2017.- Un a\u00f1o m\u00e1s el Valle de Aran participa en la gran fiesta del producto y la gastronom\u00eda que se celebra en la Avenida de la Catedral de Barcelona entre el 20 y el 22 de octubre. \u00abMercat de Mercats 2017\u00bb llenar\u00e1 de olores, sabores y colores el centro de&#8230;<\/p>\n","protected":false},"author":2,"featured_media":19476,"comment_status":"closed","ping_status":"closed","sticky":false,"template":"","format":"standard","meta":{"footnotes":""},"categories":[34,137],"tags":[],"_links":{"self":[{"href":"https:\/\/www.conselharan.org\/es\/wp-json\/wp\/v2\/posts\/19479"}],"collection":[{"href":"https:\/\/www.conselharan.org\/es\/wp-json\/wp\/v2\/posts"}],"about":[{"href":"https:\/\/www.conselharan.org\/es\/wp-json\/wp\/v2\/types\/post"}],"author":[{"embeddable":true,"href":"https:\/\/www.conselharan.org\/es\/wp-json\/wp\/v2\/users\/2"}],"replies":[{"embeddable":true,"href":"https:\/\/www.conselharan.org\/es\/wp-json\/wp\/v2\/comments?post=19479"}],"version-history":[{"count":1,"href":"https:\/\/www.conselharan.org\/es\/wp-json\/wp\/v2\/posts\/19479\/revisions"}],"predecessor-version":[{"id":19480,"href":"https:\/\/www.conselharan.org\/es\/wp-json\/wp\/v2\/posts\/19479\/revisions\/19480"}],"wp:featuredmedia":[{"embeddable":true,"href":"https:\/\/www.conselharan.org\/es\/wp-json\/wp\/v2\/media\/19476"}],"wp:attachment":[{"href":"https:\/\/www.conselharan.org\/es\/wp-json\/wp\/v2\/media?parent=19479"}],"wp:term":[{"taxonomy":"category","embeddable":true,"href":"https:\/\/www.conselharan.org\/es\/wp-json\/wp\/v2\/categories?post=19479"},{"taxonomy":"post_tag","embeddable":true,"href":"https:\/\/www.conselharan.org\/es\/wp-json\/wp\/v2\/tags?post=19479"}],"curies":[{"name":"wp","href":"https:\/\/api.w.org\/{rel}","templated":true}]}}