{"id":19491,"date":"2017-10-20T14:23:38","date_gmt":"2017-10-20T12:23:38","guid":{"rendered":"http:\/\/www.conselharan.org\/?p=19491"},"modified":"2017-10-20T14:23:38","modified_gmt":"2017-10-20T12:23:38","slug":"el-grm-los-pompiers-daran-en-la-icar-andorra-2017","status":"publish","type":"post","link":"https:\/\/www.conselharan.org\/es\/el-grm-los-pompiers-daran-en-la-icar-andorra-2017\/","title":{"rendered":"El GRM los Pompi\u00e8rs d\u2019Aran en la ICAR Andorra 2017"},"content":{"rendered":"<p>Vielha, 19 de octubre de 2017.- Los integrantes del GRM (Grupo de Rescate de Monta\u00f1a) de los Pompi\u00e8rs d\u2019Aran participan hasta el 21 de octubre en la ICAR Andorra 2017 Congreso anual de la Comisi\u00f3n Internacional de Rescate Alpino, que se celebra en Soldeu.<\/p>\n<p><a href=\"http:\/\/www.conselharan.org\/wp-content\/uploads\/2017\/10\/WhatsApp-Image-2017-10-19-at-12.20.06.jpeg\"><img loading=\"lazy\" decoding=\"async\" class=\"aligncenter size-large wp-image-19487\" src=\"http:\/\/www.conselharan.org\/wp-content\/uploads\/2017\/10\/WhatsApp-Image-2017-10-19-at-12.20.06-1024x768.jpeg\" alt=\"\" width=\"1024\" height=\"768\" srcset=\"https:\/\/www.conselharan.org\/wp-content\/uploads\/2017\/10\/WhatsApp-Image-2017-10-19-at-12.20.06-1024x768.jpeg 1024w, https:\/\/www.conselharan.org\/wp-content\/uploads\/2017\/10\/WhatsApp-Image-2017-10-19-at-12.20.06-300x225.jpeg 300w, https:\/\/www.conselharan.org\/wp-content\/uploads\/2017\/10\/WhatsApp-Image-2017-10-19-at-12.20.06-768x576.jpeg 768w, https:\/\/www.conselharan.org\/wp-content\/uploads\/2017\/10\/WhatsApp-Image-2017-10-19-at-12.20.06.jpeg 1600w\" sizes=\"(max-width: 1024px) 100vw, 1024px\" \/><\/a><\/p>\n<p>Se trata de un congreso en el que participan cuatro comisiones; la a\u00e9rea (con fabricantes de helic\u00f3pteros), la terrestre (con grupos espec\u00edficos de rescate de monta\u00f1a), la de aludes (con institutos espec\u00edficos y en la que hay una subcomisi\u00f3n que es la de gu\u00edas de perros) y la m\u00e9dica (en el que participan especialistas de la medicina).<\/p>\n<p>El objetivo de la 69\u00aa edici\u00f3n de la ICAR, la Comisi\u00f3n Internacional de Rescate Alpino, es trabajar por la estandarizaci\u00f3n de las t\u00e9cnicas de rescate en monta\u00f1a. Paralelamente al congreso se organiza una feria con 28 expositores de material de rescate de monta\u00f1a de \u00faltima generaci\u00f3n.<\/p>\n<p><a href=\"http:\/\/www.conselharan.org\/wp-content\/uploads\/2017\/10\/WhatsApp-Image-2017-10-19-at-12.20.58.jpeg\"><img loading=\"lazy\" decoding=\"async\" class=\"aligncenter size-large wp-image-19488\" src=\"http:\/\/www.conselharan.org\/wp-content\/uploads\/2017\/10\/WhatsApp-Image-2017-10-19-at-12.20.58-1024x767.jpeg\" alt=\"\" width=\"1024\" height=\"767\" srcset=\"https:\/\/www.conselharan.org\/wp-content\/uploads\/2017\/10\/WhatsApp-Image-2017-10-19-at-12.20.58-1024x767.jpeg 1024w, https:\/\/www.conselharan.org\/wp-content\/uploads\/2017\/10\/WhatsApp-Image-2017-10-19-at-12.20.58-300x225.jpeg 300w, https:\/\/www.conselharan.org\/wp-content\/uploads\/2017\/10\/WhatsApp-Image-2017-10-19-at-12.20.58-768x576.jpeg 768w, https:\/\/www.conselharan.org\/wp-content\/uploads\/2017\/10\/WhatsApp-Image-2017-10-19-at-12.20.58.jpeg 1600w\" sizes=\"(max-width: 1024px) 100vw, 1024px\" \/><\/a> <a href=\"http:\/\/www.conselharan.org\/wp-content\/uploads\/2017\/10\/WhatsApp-Image-2017-10-19-at-12.23.22.jpeg\"><img loading=\"lazy\" decoding=\"async\" class=\"aligncenter size-large wp-image-19489\" src=\"http:\/\/www.conselharan.org\/wp-content\/uploads\/2017\/10\/WhatsApp-Image-2017-10-19-at-12.23.22-768x1024.jpeg\" alt=\"\" width=\"768\" height=\"1024\" srcset=\"https:\/\/www.conselharan.org\/wp-content\/uploads\/2017\/10\/WhatsApp-Image-2017-10-19-at-12.23.22-768x1024.jpeg 768w, https:\/\/www.conselharan.org\/wp-content\/uploads\/2017\/10\/WhatsApp-Image-2017-10-19-at-12.23.22-225x300.jpeg 225w, https:\/\/www.conselharan.org\/wp-content\/uploads\/2017\/10\/WhatsApp-Image-2017-10-19-at-12.23.22.jpeg 1200w\" sizes=\"(max-width: 768px) 100vw, 768px\" \/><\/a><\/p>\n ","protected":false},"excerpt":{"rendered":"<p>Vielha, 19 de octubre de 2017.- Los integrantes del GRM (Grupo de Rescate de Monta\u00f1a) de los Pompi\u00e8rs d\u2019Aran participan hasta el 21 de octubre en la ICAR Andorra 2017 Congreso anual de la Comisi\u00f3n Internacional de Rescate Alpino, que se celebra en Soldeu. Se trata de un congreso en el que participan cuatro comisiones;&#8230;<\/p>\n","protected":false},"author":2,"featured_media":19487,"comment_status":"closed","ping_status":"closed","sticky":false,"template":"","format":"standard","meta":{"footnotes":""},"categories":[34],"tags":[],"_links":{"self":[{"href":"https:\/\/www.conselharan.org\/es\/wp-json\/wp\/v2\/posts\/19491"}],"collection":[{"href":"https:\/\/www.conselharan.org\/es\/wp-json\/wp\/v2\/posts"}],"about":[{"href":"https:\/\/www.conselharan.org\/es\/wp-json\/wp\/v2\/types\/post"}],"author":[{"embeddable":true,"href":"https:\/\/www.conselharan.org\/es\/wp-json\/wp\/v2\/users\/2"}],"replies":[{"embeddable":true,"href":"https:\/\/www.conselharan.org\/es\/wp-json\/wp\/v2\/comments?post=19491"}],"version-history":[{"count":1,"href":"https:\/\/www.conselharan.org\/es\/wp-json\/wp\/v2\/posts\/19491\/revisions"}],"predecessor-version":[{"id":19492,"href":"https:\/\/www.conselharan.org\/es\/wp-json\/wp\/v2\/posts\/19491\/revisions\/19492"}],"wp:featuredmedia":[{"embeddable":true,"href":"https:\/\/www.conselharan.org\/es\/wp-json\/wp\/v2\/media\/19487"}],"wp:attachment":[{"href":"https:\/\/www.conselharan.org\/es\/wp-json\/wp\/v2\/media?parent=19491"}],"wp:term":[{"taxonomy":"category","embeddable":true,"href":"https:\/\/www.conselharan.org\/es\/wp-json\/wp\/v2\/categories?post=19491"},{"taxonomy":"post_tag","embeddable":true,"href":"https:\/\/www.conselharan.org\/es\/wp-json\/wp\/v2\/tags?post=19491"}],"curies":[{"name":"wp","href":"https:\/\/api.w.org\/{rel}","templated":true}]}}