{"id":19499,"date":"2017-10-23T18:32:57","date_gmt":"2017-10-23T16:32:57","guid":{"rendered":"http:\/\/www.conselharan.org\/?p=19499"},"modified":"2017-10-23T18:32:57","modified_gmt":"2017-10-23T16:32:57","slug":"el-tour-2018-pasara-de-nuevo-por-el-valle-de-aran","status":"publish","type":"post","link":"https:\/\/www.conselharan.org\/es\/el-tour-2018-pasara-de-nuevo-por-el-valle-de-aran\/","title":{"rendered":"El Tour 2018 pasar\u00e1 de nuevo por el Valle de Aran"},"content":{"rendered":"<p>Vielha, 23 de octubre de 2017.- La decimosexta etapa del Tour de Francia 2018 que se disputar\u00e1 el pr\u00f3ximo <strong>24 de julio entre Carcassonne y Superbagn\u00e8res de Luchon<\/strong> pasar\u00e1 por el Valle de Aran concretamente desde Pontaut en la frontera aranesa con Francia, siguiendo por Les y Boss\u00f2st y ascendiendo por el puerto del Portilhon, puerto m\u00edtico de la ronda, en direcci\u00f3n a Luchon. Un total de 18 km que ser\u00e1n los \u00fanicos que discurrir\u00e1n fuera de territorio franc\u00e9s en la edici\u00f3n de 2018 de la prueba.<\/p>\n<p><a href=\"http:\/\/www.conselharan.org\/wp-content\/uploads\/2017\/10\/Tour-2016-13.jpg\"><img loading=\"lazy\" decoding=\"async\" class=\"aligncenter size-large wp-image-19497\" src=\"http:\/\/www.conselharan.org\/wp-content\/uploads\/2017\/10\/Tour-2016-13-1024x669.jpg\" alt=\"\" width=\"1024\" height=\"669\" srcset=\"https:\/\/www.conselharan.org\/wp-content\/uploads\/2017\/10\/Tour-2016-13-1024x669.jpg 1024w, https:\/\/www.conselharan.org\/wp-content\/uploads\/2017\/10\/Tour-2016-13-300x196.jpg 300w, https:\/\/www.conselharan.org\/wp-content\/uploads\/2017\/10\/Tour-2016-13-768x502.jpg 768w, https:\/\/www.conselharan.org\/wp-content\/uploads\/2017\/10\/Tour-2016-13.jpg 2000w\" sizes=\"(max-width: 1024px) 100vw, 1024px\" \/><\/a><\/p>\n<p>Ser\u00e1 la tercera vez en los \u00faltimos cinco a\u00f1os que la ronda gala recalar\u00e1 en el Valle de Aran. Lo hizo en 2006, con final de etapa en el Pla de Beret, en la edici\u00f3n de 2014 y el a\u00f1o 2016 cuando el Tour de Francia tuvo la salida de la 9\u00aa etapa a Vielha-Val d&#8217;Aran con final en Andorra. Una salida de etapa que acogi\u00f3 a m\u00e1s de 25.000 personas y que supuso un impacto econ\u00f3mico de 1,6 millones de euros, a partir de una inversi\u00f3n por parte del Conselh Generau d\u2019Aran de 130.000 \u20ac, multiplicando por 12 el coste de la inversi\u00f3n hecha para acoger la salida de la etapa del Tour.<\/p>\n<p>&nbsp;<\/p>\n<p>El gasto en alojamientos durante el fin de semana del Tour en el Valle de Aran, fue de unos 415.000 euros, mientras que en gastronom\u00eda y comercios se elev\u00f3 a 1.175.000 euros. Durante los d\u00edas previos y posteriores a la celebraci\u00f3n de la etapa las plazas hoteleras abiertas fueron de un 83%. La ocupaci\u00f3n en los hoteles alcanz\u00f3 el 95,5%, en los campings un 34% y en casas rurales un 54%.<\/p>\n<p>&nbsp;<\/p>\n<p><strong>Los corredores de la edici\u00f3n del Tour 2018 tendr\u00e1n la oportunidad de pasar por delante del monolito en el Mirador del Coll de Portill\u00f3n en honor a los siete ciclistas espa\u00f1oles que han ganado el Tour de Francia, Federico Mart\u00edn Bahamontes, Luis Oca\u00f1a, Pedro Delgado, Miguel Indur\u00e1in, \u00d3scar Pereiro, Carlos Sastre y Alberto Contador, que ya se ha convertido en un punto de referencia para todos los aficionados al ciclismo.<\/strong><\/p>\n<p>&nbsp;<\/p>\n<p>El paso de la carrera tambi\u00e9n revertir\u00e1 econ\u00f3micamente en el Valle de Aran, ya que varios equipos tienen previsto pernoctar la noche del 24 de julio en Vielha y alrededores. \u00abQue el Tour pase por Aran siempre es una gran noticia porque revierte en la econom\u00eda de la zona. Aunque no acogemos ninguna salida ni final de etapa, tenemos constancia de que varios equipos ya han reservado habitaciones desde hace dos meses\u00bb, apunt\u00f3 en declaraciones al diario Segre la conselh\u00e8ra de Turismo y Desarrollo Econ\u00f3mico de Aran, <strong>Anna D\u00edaz<\/strong>, que abri\u00f3 la puerta a volver a acoger en el Valle de Aran una etapa \u00abNo lo hemos pedido directamente pero estamos abiertos para los pr\u00f3ximos a\u00f1os\u00bb.<\/p>\n<p>&nbsp;<\/p>\n ","protected":false},"excerpt":{"rendered":"<p>Vielha, 23 de octubre de 2017.- La decimosexta etapa del Tour de Francia 2018 que se disputar\u00e1 el pr\u00f3ximo 24 de julio entre Carcassonne y Superbagn\u00e8res de Luchon pasar\u00e1 por el Valle de Aran concretamente desde Pontaut en la frontera aranesa con Francia, siguiendo por Les y Boss\u00f2st y ascendiendo por el puerto del Portilhon,&#8230;<\/p>\n","protected":false},"author":2,"featured_media":19497,"comment_status":"closed","ping_status":"closed","sticky":false,"template":"","format":"standard","meta":{"footnotes":""},"categories":[135,52,37,137],"tags":[],"_links":{"self":[{"href":"https:\/\/www.conselharan.org\/es\/wp-json\/wp\/v2\/posts\/19499"}],"collection":[{"href":"https:\/\/www.conselharan.org\/es\/wp-json\/wp\/v2\/posts"}],"about":[{"href":"https:\/\/www.conselharan.org\/es\/wp-json\/wp\/v2\/types\/post"}],"author":[{"embeddable":true,"href":"https:\/\/www.conselharan.org\/es\/wp-json\/wp\/v2\/users\/2"}],"replies":[{"embeddable":true,"href":"https:\/\/www.conselharan.org\/es\/wp-json\/wp\/v2\/comments?post=19499"}],"version-history":[{"count":1,"href":"https:\/\/www.conselharan.org\/es\/wp-json\/wp\/v2\/posts\/19499\/revisions"}],"predecessor-version":[{"id":19500,"href":"https:\/\/www.conselharan.org\/es\/wp-json\/wp\/v2\/posts\/19499\/revisions\/19500"}],"wp:featuredmedia":[{"embeddable":true,"href":"https:\/\/www.conselharan.org\/es\/wp-json\/wp\/v2\/media\/19497"}],"wp:attachment":[{"href":"https:\/\/www.conselharan.org\/es\/wp-json\/wp\/v2\/media?parent=19499"}],"wp:term":[{"taxonomy":"category","embeddable":true,"href":"https:\/\/www.conselharan.org\/es\/wp-json\/wp\/v2\/categories?post=19499"},{"taxonomy":"post_tag","embeddable":true,"href":"https:\/\/www.conselharan.org\/es\/wp-json\/wp\/v2\/tags?post=19499"}],"curies":[{"name":"wp","href":"https:\/\/api.w.org\/{rel}","templated":true}]}}