{"id":19509,"date":"2017-10-24T16:59:15","date_gmt":"2017-10-24T14:59:15","guid":{"rendered":"http:\/\/www.conselharan.org\/?p=19509"},"modified":"2017-10-24T16:59:15","modified_gmt":"2017-10-24T14:59:15","slug":"el-govern-daran-y-la-obra-social-la-caixa-firman-un-convenio-para-la-mejora-del-centro-ocupacional-adda-y-la-residencia-geriatrica-sant-antoni","status":"publish","type":"post","link":"https:\/\/www.conselharan.org\/es\/el-govern-daran-y-la-obra-social-la-caixa-firman-un-convenio-para-la-mejora-del-centro-ocupacional-adda-y-la-residencia-geriatrica-sant-antoni\/","title":{"rendered":"El Gov\u00e8rn d\u2019Aran y la Obra Social \u00abla Caixa\u00bb firman un convenio para la mejora del Centro Ocupacional (ADDA) y la Residencia Geri\u00e1trica Sant Antoni"},"content":{"rendered":"<p>Vielha, 24 de octubre de 2017.- El <strong>Conselh Generau d\u2019Aran y la Obra Social \u00abla Caixa\u00bb<\/strong> han firmado hoy en la sede del Conselh Generau d\u2019Aran un convenio de colaboraci\u00f3n para la realizaci\u00f3n de mejoras en el Centro Ocupacional de la Val d&#8217;Aran y la Residencia Geri\u00e1trica Sant Antoni de Vielha.<\/p>\n<p><a href=\"http:\/\/www.conselharan.org\/wp-content\/uploads\/2017\/10\/IMG_8649.jpg\"><img loading=\"lazy\" decoding=\"async\" class=\"aligncenter size-large wp-image-19504\" src=\"http:\/\/www.conselharan.org\/wp-content\/uploads\/2017\/10\/IMG_8649-1024x768.jpg\" alt=\"\" width=\"1024\" height=\"768\" srcset=\"https:\/\/www.conselharan.org\/wp-content\/uploads\/2017\/10\/IMG_8649-1024x768.jpg 1024w, https:\/\/www.conselharan.org\/wp-content\/uploads\/2017\/10\/IMG_8649-300x225.jpg 300w, https:\/\/www.conselharan.org\/wp-content\/uploads\/2017\/10\/IMG_8649-768x576.jpg 768w\" sizes=\"(max-width: 1024px) 100vw, 1024px\" \/><\/a><\/p>\n<p><strong>La aportaci\u00f3n que realizar\u00e1 la Obra Social \u00abla Caixa\u00bb de 20.000 \u20ac<\/strong>, ir\u00e1 destinada por una parte a la mejora de la cocina, el cambio de persianas en las aulas y la mejora de la salida al exterior de la terraza del Centro Ocupacional (ADDA), y por otra al cambio de los bancos exteriores de la Residencia St. Antoni.<\/p>\n<p>Tambi\u00e9n se ha visitado el \u00e1rea de Conangles arreglada en el a\u00f1o 2016 dentro del convenio entre la Diputaci\u00f3n de Lleida y la Obra Social \u00abla Caixa\u00bb para la preservaci\u00f3n y difusi\u00f3n de los valores naturales.<\/p>\n<p>Tras la firma del convenio, los representantes del Conselh Generau d\u2019Aran y de CaixaBank han visitado las instalaciones del Centro Ocupacional en Vielha acompa\u00f1ados por su directora.<\/p>\n<p><a href=\"http:\/\/www.conselharan.org\/wp-content\/uploads\/2017\/10\/WhatsApp-Image-2017-10-24-at-15.34.52.jpeg\"><img loading=\"lazy\" decoding=\"async\" class=\"aligncenter size-large wp-image-19506\" src=\"http:\/\/www.conselharan.org\/wp-content\/uploads\/2017\/10\/WhatsApp-Image-2017-10-24-at-15.34.52-1024x768.jpeg\" alt=\"\" width=\"1024\" height=\"768\" srcset=\"https:\/\/www.conselharan.org\/wp-content\/uploads\/2017\/10\/WhatsApp-Image-2017-10-24-at-15.34.52-1024x768.jpeg 1024w, https:\/\/www.conselharan.org\/wp-content\/uploads\/2017\/10\/WhatsApp-Image-2017-10-24-at-15.34.52-300x225.jpeg 300w, https:\/\/www.conselharan.org\/wp-content\/uploads\/2017\/10\/WhatsApp-Image-2017-10-24-at-15.34.52-768x576.jpeg 768w, https:\/\/www.conselharan.org\/wp-content\/uploads\/2017\/10\/WhatsApp-Image-2017-10-24-at-15.34.52.jpeg 1600w\" sizes=\"(max-width: 1024px) 100vw, 1024px\" \/><\/a><\/p>\n<p>Tambi\u00e9n se ha visitado una de las actuaciones realizadas durante 2016 dentro del proyecto \u00abRecuperaci\u00f3n de \u00c1reas Naturales en el Valle de Aran\u00bb que fue financiado en el \u00e1mbito del convenio entre la Diputaci\u00f3n de Lleida y la Obra Social \u00abla Caixa \u00abpara la preservaci\u00f3n y difusi\u00f3n de los valores naturales.<\/p>\n<p>Esta actuaci\u00f3n supuso la mejora de cinco \u00e1reas naturales, entre ellas la de Conangles, que es el \u00e1rea que se ha visitado hoy.<\/p>\n<p><a href=\"http:\/\/www.conselharan.org\/wp-content\/uploads\/2017\/10\/WhatsApp-Image-2017-10-24-at-15.37.32.jpeg\"><img loading=\"lazy\" decoding=\"async\" class=\"aligncenter size-large wp-image-19507\" src=\"http:\/\/www.conselharan.org\/wp-content\/uploads\/2017\/10\/WhatsApp-Image-2017-10-24-at-15.37.32-1024x768.jpeg\" alt=\"\" width=\"1024\" height=\"768\" srcset=\"https:\/\/www.conselharan.org\/wp-content\/uploads\/2017\/10\/WhatsApp-Image-2017-10-24-at-15.37.32.jpeg 1024w, https:\/\/www.conselharan.org\/wp-content\/uploads\/2017\/10\/WhatsApp-Image-2017-10-24-at-15.37.32-300x225.jpeg 300w, https:\/\/www.conselharan.org\/wp-content\/uploads\/2017\/10\/WhatsApp-Image-2017-10-24-at-15.37.32-768x576.jpeg 768w\" sizes=\"(max-width: 1024px) 100vw, 1024px\" \/><\/a><\/p>\n<p>Los representantes de ambas instituciones han manifestado que es importante mantener la colaboraci\u00f3n estrecha entre ambas entidades, dado que permite \u00abmejorar y contribuir al progreso de las personas y la sociedad, con especial incidencia en los colectivos m\u00e1s vulnerables\u00bb.<\/p>\n<p>El Sr. Joaquim Maci\u00e0, director de Instituciones a la Direcci\u00f3n Territorial de CaixaBank en Catalunya, ha recordado que en la Obra Social \u00abla Caixa\u00bb seguimos trabajando para conseguir una sociedad con m\u00e1s oportunidades, impulsando iniciativas sociales, invirtiendo en investigaci\u00f3n y educaci\u00f3n y difundiendo la cultura y la ciencia. Y todo ello, para seguir ayudando a los que m\u00e1s lo necesitan\u00bb.<\/p>\n<p><a href=\"http:\/\/www.conselharan.org\/wp-content\/uploads\/2017\/10\/IMG_2660.jpg\"><img loading=\"lazy\" decoding=\"async\" class=\"aligncenter size-large wp-image-19505\" src=\"http:\/\/www.conselharan.org\/wp-content\/uploads\/2017\/10\/IMG_2660-1024x768.jpg\" alt=\"\" width=\"1024\" height=\"768\" srcset=\"https:\/\/www.conselharan.org\/wp-content\/uploads\/2017\/10\/IMG_2660-1024x768.jpg 1024w, https:\/\/www.conselharan.org\/wp-content\/uploads\/2017\/10\/IMG_2660-300x225.jpg 300w, https:\/\/www.conselharan.org\/wp-content\/uploads\/2017\/10\/IMG_2660-768x576.jpg 768w\" sizes=\"(max-width: 1024px) 100vw, 1024px\" \/><\/a><\/p>\n ","protected":false},"excerpt":{"rendered":"<p>Vielha, 24 de octubre de 2017.- El Conselh Generau d\u2019Aran y la Obra Social \u00abla Caixa\u00bb han firmado hoy en la sede del Conselh Generau d\u2019Aran un convenio de colaboraci\u00f3n para la realizaci\u00f3n de mejoras en el Centro Ocupacional de la Val d&#8217;Aran y la Residencia Geri\u00e1trica Sant Antoni de Vielha. La aportaci\u00f3n que realizar\u00e1&#8230;<\/p>\n","protected":false},"author":2,"featured_media":19504,"comment_status":"closed","ping_status":"closed","sticky":false,"template":"","format":"standard","meta":{"footnotes":""},"categories":[52,37],"tags":[],"_links":{"self":[{"href":"https:\/\/www.conselharan.org\/es\/wp-json\/wp\/v2\/posts\/19509"}],"collection":[{"href":"https:\/\/www.conselharan.org\/es\/wp-json\/wp\/v2\/posts"}],"about":[{"href":"https:\/\/www.conselharan.org\/es\/wp-json\/wp\/v2\/types\/post"}],"author":[{"embeddable":true,"href":"https:\/\/www.conselharan.org\/es\/wp-json\/wp\/v2\/users\/2"}],"replies":[{"embeddable":true,"href":"https:\/\/www.conselharan.org\/es\/wp-json\/wp\/v2\/comments?post=19509"}],"version-history":[{"count":1,"href":"https:\/\/www.conselharan.org\/es\/wp-json\/wp\/v2\/posts\/19509\/revisions"}],"predecessor-version":[{"id":19510,"href":"https:\/\/www.conselharan.org\/es\/wp-json\/wp\/v2\/posts\/19509\/revisions\/19510"}],"wp:featuredmedia":[{"embeddable":true,"href":"https:\/\/www.conselharan.org\/es\/wp-json\/wp\/v2\/media\/19504"}],"wp:attachment":[{"href":"https:\/\/www.conselharan.org\/es\/wp-json\/wp\/v2\/media?parent=19509"}],"wp:term":[{"taxonomy":"category","embeddable":true,"href":"https:\/\/www.conselharan.org\/es\/wp-json\/wp\/v2\/categories?post=19509"},{"taxonomy":"post_tag","embeddable":true,"href":"https:\/\/www.conselharan.org\/es\/wp-json\/wp\/v2\/tags?post=19509"}],"curies":[{"name":"wp","href":"https:\/\/api.w.org\/{rel}","templated":true}]}}