{"id":19590,"date":"2017-10-27T22:07:52","date_gmt":"2017-10-27T20:07:52","guid":{"rendered":"http:\/\/www.conselharan.org\/?p=19590"},"modified":"2017-10-27T22:07:52","modified_gmt":"2017-10-27T20:07:52","slug":"el-sindic-daran-desmiente-la-celebracion-de-un-pleno-extraordinario-para-tratar-del-futuro-del-aran-fuera-de-cataluna","status":"publish","type":"post","link":"https:\/\/www.conselharan.org\/es\/el-sindic-daran-desmiente-la-celebracion-de-un-pleno-extraordinario-para-tratar-del-futuro-del-aran-fuera-de-cataluna\/","title":{"rendered":"El sindic d&#8217;Aran desmiente la celebraci\u00f3n de un pleno extraordinario para tratar del futuro del Aran fuera de Catalu\u00f1a"},"content":{"rendered":"<p>&nbsp;<\/p>\n<p><strong>El sindic del Valle de Aran desmiente rotundamente que se haya planteado la celebraci\u00f3n de un pleno extraordinario del Conselh Generau d\u2019Aran para tratar del futuro del Aran fuera de Catalu\u00f1a.<\/strong><\/p>\n<p><strong>\u00a0<a href=\"http:\/\/www.conselharan.org\/wp-content\/uploads\/2017\/10\/22815339_1561318090619387_825681848771703627_n.jpg\"><img loading=\"lazy\" decoding=\"async\" class=\"aligncenter size-full wp-image-19586\" src=\"http:\/\/www.conselharan.org\/wp-content\/uploads\/2017\/10\/22815339_1561318090619387_825681848771703627_n.jpg\" alt=\"\" width=\"960\" height=\"502\" srcset=\"https:\/\/www.conselharan.org\/wp-content\/uploads\/2017\/10\/22815339_1561318090619387_825681848771703627_n.jpg 960w, https:\/\/www.conselharan.org\/wp-content\/uploads\/2017\/10\/22815339_1561318090619387_825681848771703627_n-300x157.jpg 300w, https:\/\/www.conselharan.org\/wp-content\/uploads\/2017\/10\/22815339_1561318090619387_825681848771703627_n-768x402.jpg 768w\" sizes=\"(max-width: 960px) 100vw, 960px\" \/><\/a><\/strong><\/p>\n<p>Vielha, 27 de octubre de 2017.- El sindic del Valle de Aran, <strong>Carlos Barrera<\/strong>, desmiente rotundamente que se haya planteado la celebraci\u00f3n de un pleno extraordinario del Conselh Generau d\u2019Aran para tratar del futuro del Aran fuera de Catalu\u00f1a.<\/p>\n<p>&nbsp;<\/p>\n<p>El sindic d\u2019Aran, Carlos Barrera, aclara que se ha acordado con el portavoz de la oposici\u00f3n en el Conselh Generau d\u2019Aran, Sr. Franc\u00e9s X. Boya, la celebraci\u00f3n de una reuni\u00f3n el pr\u00f3ximo lunes d\u00eda 30 de octubre a las 16h. a la que tambi\u00e9n se convocar\u00e1 al portavoz del PRAG, Jos\u00e9 Antonio Bruna.<\/p>\n<p>&nbsp;<\/p>\n<p>En esta reuni\u00f3n, se analizar\u00e1 la afectaci\u00f3n de la aplicaci\u00f3n del art\u00edculo 155, y el posible acuerdo de destituci\u00f3n del Gobierno de la Generalitat de Catalunya, y de los efectos que estas medidas tendr\u00e1n en la capacidad de gesti\u00f3n pol\u00edtica del Conselh Generau d\u2019Aran y del actual despliegue de la de la ley 1\/2015 de r\u00e9gimen especial de Aran, as\u00ed como en todos los \u00e1mbitos en los que el Govern d\u2019Aran y la Generalitat de Catalunya est\u00e1n trabajando sobre el desarrollo de esta ley.<\/p>\n<p>&nbsp;<\/p>\n<p>La semana pasada con el fin de disponer en t\u00e9rminos jur\u00eddicos de lo que representa la disposici\u00f3n adicional 1\u00aa de la ley de r\u00e9gimen especial de Ar\u00e1n, que habla del derecho a decidir del pueblo aran\u00e9s, se determin\u00f3 disponer de esta interpretaci\u00f3n en t\u00e9rminos jur\u00eddicos para aclararlo, de manera inequ\u00edvoca, a todo el conjunto de la ciudadan\u00eda del Valle de Aran, para evitar dobles interpretaciones.<\/p>\n ","protected":false},"excerpt":{"rendered":"<p>&nbsp; El sindic del Valle de Aran desmiente rotundamente que se haya planteado la celebraci\u00f3n de un pleno extraordinario del Conselh Generau d\u2019Aran para tratar del futuro del Aran fuera de Catalu\u00f1a. \u00a0 Vielha, 27 de octubre de 2017.- El sindic del Valle de Aran, Carlos Barrera, desmiente rotundamente que se haya planteado la celebraci\u00f3n&#8230;<\/p>\n","protected":false},"author":2,"featured_media":19586,"comment_status":"closed","ping_status":"closed","sticky":false,"template":"","format":"standard","meta":{"footnotes":""},"categories":[37],"tags":[],"_links":{"self":[{"href":"https:\/\/www.conselharan.org\/es\/wp-json\/wp\/v2\/posts\/19590"}],"collection":[{"href":"https:\/\/www.conselharan.org\/es\/wp-json\/wp\/v2\/posts"}],"about":[{"href":"https:\/\/www.conselharan.org\/es\/wp-json\/wp\/v2\/types\/post"}],"author":[{"embeddable":true,"href":"https:\/\/www.conselharan.org\/es\/wp-json\/wp\/v2\/users\/2"}],"replies":[{"embeddable":true,"href":"https:\/\/www.conselharan.org\/es\/wp-json\/wp\/v2\/comments?post=19590"}],"version-history":[{"count":1,"href":"https:\/\/www.conselharan.org\/es\/wp-json\/wp\/v2\/posts\/19590\/revisions"}],"predecessor-version":[{"id":19591,"href":"https:\/\/www.conselharan.org\/es\/wp-json\/wp\/v2\/posts\/19590\/revisions\/19591"}],"wp:featuredmedia":[{"embeddable":true,"href":"https:\/\/www.conselharan.org\/es\/wp-json\/wp\/v2\/media\/19586"}],"wp:attachment":[{"href":"https:\/\/www.conselharan.org\/es\/wp-json\/wp\/v2\/media?parent=19590"}],"wp:term":[{"taxonomy":"category","embeddable":true,"href":"https:\/\/www.conselharan.org\/es\/wp-json\/wp\/v2\/categories?post=19590"},{"taxonomy":"post_tag","embeddable":true,"href":"https:\/\/www.conselharan.org\/es\/wp-json\/wp\/v2\/tags?post=19590"}],"curies":[{"name":"wp","href":"https:\/\/api.w.org\/{rel}","templated":true}]}}