{"id":19635,"date":"2017-11-02T11:05:03","date_gmt":"2017-11-02T10:05:03","guid":{"rendered":"http:\/\/www.conselharan.org\/?p=19635"},"modified":"2017-11-02T11:05:03","modified_gmt":"2017-11-02T10:05:03","slug":"declaracion-institucional-del-conselh-generau-daran","status":"publish","type":"post","link":"https:\/\/www.conselharan.org\/es\/declaracion-institucional-del-conselh-generau-daran\/","title":{"rendered":"DECLARACI\u00d3N INSTITUCIONAL DEL CONSELH GENERAU D&#8217;ARAN"},"content":{"rendered":"<p><a href=\"http:\/\/www.conselharan.org\/declaracion-institucionau-deth-conselh-generau-daran\/file-2-5\/\" rel=\"attachment wp-att-19630\"><img loading=\"lazy\" decoding=\"async\" class=\"aligncenter size-large wp-image-19630\" src=\"http:\/\/www.conselharan.org\/wp-content\/uploads\/2017\/11\/file-2-1024x768.jpeg\" alt=\"\" width=\"1024\" height=\"768\" srcset=\"https:\/\/www.conselharan.org\/wp-content\/uploads\/2017\/11\/file-2-1024x768.jpeg 1024w, https:\/\/www.conselharan.org\/wp-content\/uploads\/2017\/11\/file-2-300x225.jpeg 300w, https:\/\/www.conselharan.org\/wp-content\/uploads\/2017\/11\/file-2-768x576.jpeg 768w\" sizes=\"(max-width: 1024px) 100vw, 1024px\" \/><\/a><\/p>\n<p>&nbsp;<\/p>\n<p>Vivimos una fuerte crisis democr\u00e1tica. Las instituciones catalanas y espa\u00f1olas est\u00e1n confrontadas por un conflicto jur\u00eddico y de legitimidades provocado por la falta de voluntad pol\u00edtica para la negociaci\u00f3n, lo que ha provocado la declaraci\u00f3n unilateral de la Rep\u00fablica Catalana y, como reacci\u00f3n del Estado, la aplicaci\u00f3n del art\u00edculo 155 de la Constituci\u00f3n Espa\u00f1ola de 1978, gener\u00e1ndose una situaci\u00f3n indeseable y extraordinaria.<br \/>\nLas incertidumbres que ha generado esta situaci\u00f3n en las \u00faltimas semanas ha afectado a los \u00e1mbitos de car\u00e1cter social, econ\u00f3mico y pol\u00edtico, provocando intranquilidad y mucha preocupaci\u00f3n a los ciudadanos de nuestro pa\u00eds.<\/p>\n<p>Ante esta grave situaci\u00f3n, los conselh\u00e8rs del Conselh Generau d\u2019Aran, con el Sindic a la cabeza, quieren tomar este acuerdo institucional, instando a todas las formaciones pol\u00edticas, y a las instituciones espa\u00f1olas y catalanas, la necesidad de ejercer el di\u00e1logo como instrumento de la acci\u00f3n pol\u00edtica, evitando todas aquellas actuaciones que impliquen la crispaci\u00f3n y vulneraci\u00f3n de los derechos, y hacer una llamada a la sociedad para mantener la convivencia y el respeto a la pluralidad de ideas y sentimientos.<\/p>\n<p>El Estado ha convocado unas nuevas elecciones en el Parlament de Catalunya. Al mismo tiempo, est\u00e1 abierta en el Congreso de los Diputados de las Cortes Espa\u00f1olas una comisi\u00f3n espec\u00edfica que tiene como objetivo la modificaci\u00f3n de la Constituci\u00f3n, que naci\u00f3 hace 39 a\u00f1os con el pacto constitucional, para proponer la reforma de la misma.<\/p>\n<p>El conjunto de las fuerzas pol\u00edticas representadas en el Pleno del Conselh Generau consideramos que es necesario reafirmar nuestro compromiso con las instituciones y autogobierno de Aran.<\/p>\n<p>Aran est\u00e1 definida en el pre\u00e1mbulo de la Lei 1\/2015 de 5 de hereu\u00e8r de Regim Especiau dera Val d\u2019Aran, como una realidad nacional con personalidad propia y diferenciada, fundamentada en el hecho de que la comunidad aranesa dispone de lengua y cultura propia, y de una tradici\u00f3n de gobierno defendida por los araneses a lo largo del tiempo. As\u00ed mismo, el cap\u00edtulo VII del Estatut de Catalunya, en el art\u00edculo 94., dice:<\/p>\n<p><em>\u201cAran dispone de un r\u00e9gimen jur\u00eddico especial establecido por la Llei del Parlament. Por medio de este r\u00e9gimen se reconoce la especificidad de la organizaci\u00f3n institucional y administrativa de Aran, y se garantiza la autonom\u00eda para ordenar y gestionar los asuntos p\u00fablicos de su territorio\u201d<\/em><\/p>\n<p>En este sentido, hay que afirmar que los progresos hechos con el Estatut de Catalunya de 2006 fueron muy importantes, permitiendo el desarrollo de una nueva Lei d\u2019Aran, 1\/2015, y de la Lei der Occitan, aran\u00e9s en Aran 35\/2010.<\/p>\n<p>Por ello, el Pleno del Conselh Generau d\u2019Aran quiere evidenciar los avances hechos en estos \u00faltimos a\u00f1os en lo que respecta al reconocimiento institucional de nuestro Pa\u00eds y de su marco competencial, llevados a cabo por la Generalitat de Catalunya. Si bien es cierto que tambi\u00e9n expresamos la dificultad que la Val d&#8217;Aran siempre ha tenido para desplegar estos marcos legislativos.<\/p>\n<p>Por todo ello, el Pleno del Conselh Generau d&#8217;Aran declara que:<\/p>\n<p>1) Delante de esta compleja situaci\u00f3n pol\u00edtica, queremos reafirmar nuestro compromiso con la defensa de nuestras instituciones y de nuestro autogobierno.<\/p>\n<p>2) En este contexto de debate pol\u00edtico sobre los nuevos \u00e1mbitos constitucionales y estatuarios, queremos pedir, de forma contundente, el complimiento de los marcos legislativos que nos amparan, y afirmar nuestra profunda voluntad de trabajar a favor de la mejora y el fortalecimiento de nuestras instituciones, explorando todas las v\u00edas posibles que nos permitan avanzar en el despliegue de nuestro actual estatuto de autogobierno, como la manera m\u00e1s eficaz para poder continuar sirviendo a la ciudadan\u00eda, protegiendo los fundamentos de nuestra realidad; nuestra lengua, nuestra cultura y nuestra identidad, fundamentos que compartimos todos los vecinos y vecinas de Aran.<\/p>\n<p>3) Instamos al S\u00edndic d&#8217;Aran y a los grupos pol\u00edticos que conforman el Pleno del Conselh Generau d&#8217;Aran a realizar todas aquellas gestiones delante de las instituciones catalanas, as\u00ed como en la Comisi\u00f3n Territorial del Congreso de los Diputados, para buscar un reconocimiento constitucional que permita nuevas metas para nuestro estatuto singular de autogobierno.<\/p>\n<p>&nbsp;<\/p>\n<p>&nbsp;<\/p>\n<p>Aran, 2 de noviembre de 2017<\/p>\n ","protected":false},"excerpt":{"rendered":"<p>&nbsp; Vivimos una fuerte crisis democr\u00e1tica. Las instituciones catalanas y espa\u00f1olas est\u00e1n confrontadas por un conflicto jur\u00eddico y de legitimidades provocado por la falta de voluntad pol\u00edtica para la negociaci\u00f3n, lo que ha provocado la declaraci\u00f3n unilateral de la Rep\u00fablica Catalana y, como reacci\u00f3n del Estado, la aplicaci\u00f3n del art\u00edculo 155 de la Constituci\u00f3n Espa\u00f1ola&#8230;<\/p>\n","protected":false},"author":2,"featured_media":19630,"comment_status":"closed","ping_status":"closed","sticky":false,"template":"","format":"standard","meta":{"footnotes":""},"categories":[52,37],"tags":[],"_links":{"self":[{"href":"https:\/\/www.conselharan.org\/es\/wp-json\/wp\/v2\/posts\/19635"}],"collection":[{"href":"https:\/\/www.conselharan.org\/es\/wp-json\/wp\/v2\/posts"}],"about":[{"href":"https:\/\/www.conselharan.org\/es\/wp-json\/wp\/v2\/types\/post"}],"author":[{"embeddable":true,"href":"https:\/\/www.conselharan.org\/es\/wp-json\/wp\/v2\/users\/2"}],"replies":[{"embeddable":true,"href":"https:\/\/www.conselharan.org\/es\/wp-json\/wp\/v2\/comments?post=19635"}],"version-history":[{"count":1,"href":"https:\/\/www.conselharan.org\/es\/wp-json\/wp\/v2\/posts\/19635\/revisions"}],"predecessor-version":[{"id":19636,"href":"https:\/\/www.conselharan.org\/es\/wp-json\/wp\/v2\/posts\/19635\/revisions\/19636"}],"wp:featuredmedia":[{"embeddable":true,"href":"https:\/\/www.conselharan.org\/es\/wp-json\/wp\/v2\/media\/19630"}],"wp:attachment":[{"href":"https:\/\/www.conselharan.org\/es\/wp-json\/wp\/v2\/media?parent=19635"}],"wp:term":[{"taxonomy":"category","embeddable":true,"href":"https:\/\/www.conselharan.org\/es\/wp-json\/wp\/v2\/categories?post=19635"},{"taxonomy":"post_tag","embeddable":true,"href":"https:\/\/www.conselharan.org\/es\/wp-json\/wp\/v2\/tags?post=19635"}],"curies":[{"name":"wp","href":"https:\/\/api.w.org\/{rel}","templated":true}]}}