{"id":19686,"date":"2017-11-06T11:13:06","date_gmt":"2017-11-06T10:13:06","guid":{"rendered":"http:\/\/www.conselharan.org\/?p=19686"},"modified":"2017-11-06T11:13:21","modified_gmt":"2017-11-06T10:13:21","slug":"curso-formativo-del-cei-val-daran-sobre-como-hablar-en-publico","status":"publish","type":"post","link":"https:\/\/www.conselharan.org\/es\/curso-formativo-del-cei-val-daran-sobre-como-hablar-en-publico\/","title":{"rendered":"Curso Formativo del CEI Val d\u2019Aran sobre \u201cC\u00f3mo hablar en p\u00fablico\u201d"},"content":{"rendered":"<p>Vielha, 3 de noviembre de 2017.- Durante todo este mes de octubre en sesiones de tarde, en el CEI Val d\u2019Aran, se ha impartido el curso de formaci\u00f3n sobre \u201cC\u00f3mo hablar en p\u00fablico\u201d, a cargo de la profesora Marta Montserrat Aragon\u00e9s, abogada experta en Derecho Mercantil, Derecho Privado, Derecho de Familia y Derecho de las Mujeres, as\u00ed como en Derecho Laboral.<\/p>\n<p><a href=\"http:\/\/www.conselharan.org\/wp-content\/uploads\/2017\/11\/COM-PARLAR-EN-PUBLIC.jpeg\"><img loading=\"lazy\" decoding=\"async\" class=\"aligncenter size-large wp-image-19682\" src=\"http:\/\/www.conselharan.org\/wp-content\/uploads\/2017\/11\/COM-PARLAR-EN-PUBLIC-1024x768.jpeg\" alt=\"\" width=\"1024\" height=\"768\" srcset=\"https:\/\/www.conselharan.org\/wp-content\/uploads\/2017\/11\/COM-PARLAR-EN-PUBLIC-1024x768.jpeg 1024w, https:\/\/www.conselharan.org\/wp-content\/uploads\/2017\/11\/COM-PARLAR-EN-PUBLIC-300x225.jpeg 300w, https:\/\/www.conselharan.org\/wp-content\/uploads\/2017\/11\/COM-PARLAR-EN-PUBLIC-768x576.jpeg 768w\" sizes=\"(max-width: 1024px) 100vw, 1024px\" \/><\/a><\/p>\n<p>Los objetivos del curso, que ha tenido una gran aceptaci\u00f3n entre los asistentes, han sido afianzar la importancia del uso correcto de la lengua con una estructura clara de mensaje. Dominar la presentaci\u00f3n del contenido de un discurso o comunicaci\u00f3n para sintonizar con el p\u00fablico receptor, adem\u00e1s de Identificar las caracter\u00edsticas de los actos comunicativos.<\/p>\n<p>Durante el curso, los asistentes se han formado en materias como la estructura y elaboraci\u00f3n del discurso. Hablar en p\u00fablico, como vencer el miedo, y la importancia y caracter\u00edsticas de la comunicaci\u00f3n tanto verbal como la comunicaci\u00f3n no verbal.<\/p>\n<p>El CEI Val d\u2019Aran, ya tiene programadas otras c\u00e1psulas formativas durante el mes de noviembre, referidas a la prevenci\u00f3n de la morosidad a trav\u00e9s de los pagos por cr\u00e9dito y en diciembre sobre herramientas y recursos para la b\u00fasqueda de trabajo.<\/p>\n ","protected":false},"excerpt":{"rendered":"<p>Vielha, 3 de noviembre de 2017.- Durante todo este mes de octubre en sesiones de tarde, en el CEI Val d\u2019Aran, se ha impartido el curso de formaci\u00f3n sobre \u201cC\u00f3mo hablar en p\u00fablico\u201d, a cargo de la profesora Marta Montserrat Aragon\u00e9s, abogada experta en Derecho Mercantil, Derecho Privado, Derecho de Familia y Derecho de las&#8230;<\/p>\n","protected":false},"author":2,"featured_media":19682,"comment_status":"closed","ping_status":"closed","sticky":false,"template":"","format":"standard","meta":{"footnotes":""},"categories":[34],"tags":[],"_links":{"self":[{"href":"https:\/\/www.conselharan.org\/es\/wp-json\/wp\/v2\/posts\/19686"}],"collection":[{"href":"https:\/\/www.conselharan.org\/es\/wp-json\/wp\/v2\/posts"}],"about":[{"href":"https:\/\/www.conselharan.org\/es\/wp-json\/wp\/v2\/types\/post"}],"author":[{"embeddable":true,"href":"https:\/\/www.conselharan.org\/es\/wp-json\/wp\/v2\/users\/2"}],"replies":[{"embeddable":true,"href":"https:\/\/www.conselharan.org\/es\/wp-json\/wp\/v2\/comments?post=19686"}],"version-history":[{"count":2,"href":"https:\/\/www.conselharan.org\/es\/wp-json\/wp\/v2\/posts\/19686\/revisions"}],"predecessor-version":[{"id":19688,"href":"https:\/\/www.conselharan.org\/es\/wp-json\/wp\/v2\/posts\/19686\/revisions\/19688"}],"wp:featuredmedia":[{"embeddable":true,"href":"https:\/\/www.conselharan.org\/es\/wp-json\/wp\/v2\/media\/19682"}],"wp:attachment":[{"href":"https:\/\/www.conselharan.org\/es\/wp-json\/wp\/v2\/media?parent=19686"}],"wp:term":[{"taxonomy":"category","embeddable":true,"href":"https:\/\/www.conselharan.org\/es\/wp-json\/wp\/v2\/categories?post=19686"},{"taxonomy":"post_tag","embeddable":true,"href":"https:\/\/www.conselharan.org\/es\/wp-json\/wp\/v2\/tags?post=19686"}],"curies":[{"name":"wp","href":"https:\/\/api.w.org\/{rel}","templated":true}]}}