{"id":19699,"date":"2017-11-06T19:20:39","date_gmt":"2017-11-06T18:20:39","guid":{"rendered":"http:\/\/www.conselharan.org\/eth-plen-aprove-ua-modificacion-de-credit-entara-residencia-deth-baish-aran-e-era-melhora-dacces-a-espacis-naturaus\/"},"modified":"2017-11-06T19:26:24","modified_gmt":"2017-11-06T18:26:24","slug":"eth-plen-aprove-ua-modificacion-de-credit-entara-residencia-deth-baish-aran-e-era-melhora-dacces-a-espacis-naturaus","status":"publish","type":"post","link":"https:\/\/www.conselharan.org\/es\/eth-plen-aprove-ua-modificacion-de-credit-entara-residencia-deth-baish-aran-e-era-melhora-dacces-a-espacis-naturaus\/","title":{"rendered":"El Pleno aprueba una modificaci\u00f3n de cr\u00e9dito para la residencia del Baish Aran y la mejora de acceso a espacios naturales"},"content":{"rendered":"<p>Vielha, 6 de noviembre de 2017.- El Pleno del Conselh Generau d\u2019Aran ha aprobado hoy una modificaci\u00f3n de cr\u00e9dito que debe permitir la construcci\u00f3n de la residencia geri\u00e1trica del Bajo Aran.<\/p>\n<p><a href=\"http:\/\/www.conselharan.org\/wp-content\/uploads\/2017\/11\/IMG_4031.jpg\"><img loading=\"lazy\" decoding=\"async\" class=\"aligncenter size-large wp-image-19690\" src=\"http:\/\/www.conselharan.org\/wp-content\/uploads\/2017\/11\/IMG_4031-1024x768.jpg\" alt=\"\" width=\"1024\" height=\"768\" srcset=\"https:\/\/www.conselharan.org\/wp-content\/uploads\/2017\/11\/IMG_4031-1024x768.jpg 1024w, https:\/\/www.conselharan.org\/wp-content\/uploads\/2017\/11\/IMG_4031-300x225.jpg 300w, https:\/\/www.conselharan.org\/wp-content\/uploads\/2017\/11\/IMG_4031-768x576.jpg 768w\" sizes=\"(max-width: 1024px) 100vw, 1024px\" \/><\/a><\/p>\n<p>En esta modificaci\u00f3n de cr\u00e9dito se ha previsto la financiaci\u00f3n para la mejora de accesos a espacios naturales del Valle de Aran y la mejora del acceso a Mont y Montcorbau.<\/p>\n<p>En el caso de la construcci\u00f3n de la residencia geri\u00e1trica para la gente mayor del Bajo Aran, el Conselh Generau d\u2019Aran ha destinado 2 millones de euros del remanente de tesorer\u00eda.<\/p>\n<p>El sindic d\u2019Aran, <strong>Carlos Barrera<\/strong>, explic\u00f3 que las obras de construcci\u00f3n de la nueva residencia geri\u00e1trica del Bajo Aran se licitar\u00e1n sin demora para garantizar que la obra se pueda ejecutar durante el a\u00f1o 2018 y la residencia entre en funcionamiento en enero del 2019.<\/p>\n<p>Tambi\u00e9n se destinar\u00e1 1.200.000 \u20ac a la mejora del acceso a espacios naturales. Esta inversi\u00f3n tiene un retorno de un 40% perteneciente a fondos europeos FEDER, y el compromiso de la Diputaci\u00f3n de Lleida de complementarla con un 25%, lo que significar\u00e1 una inversi\u00f3n directa por parte del Conselh Generau d\u2019Aran de un 40% de la inversi\u00f3n.<\/p>\n<p>En cuando a la mejora de los accesos al pueblos de Mont y Montcorbau se destinar\u00e1 una partida 163.000 \u20ac.<\/p>\n<p><iframe loading=\"lazy\" src=\"https:\/\/www.youtube.com\/embed\/F49z-6vog9s\" width=\"560\" height=\"315\" frameborder=\"0\" allowfullscreen=\"allowfullscreen\"><\/iframe><\/p>\n<p>El pleno tambi\u00e9n ha aprobado hoy poder adjudicar definitivamente a la Fundaci\u00f3n Pere Tarr\u00e9s, el contrato de arrendamiento para el funcionamiento del albergue \u00abEra Garona\u00bb de Salard\u00fa, una vez el Conselh Generau ha aportado todos los certificados y ha realizado las mejoras necesarias en este equipamiento. Esta semana se firmar\u00e1 el contrato de arrendamiento y est\u00e1 previsto que el nuevo gestor empiece a funcionar antes del d\u00eda 24 de noviembre.<\/p>\n<p>Finalmente, el Pleno de hoy tambi\u00e9n ha aprobado la modificaci\u00f3n de la ordenanza reguladora de la tasa de recogida de basuras, con una subida lineal del 2,5%, motivada por el aumento del coste de vertido, hay que recordar que el residuo de la Val d&#8217;Aran se gestiona en el vertedero de F\u00edgols de Tremp.<\/p>\n<p>El sindic d\u2019Aran, Carlos Barrera, ha se\u00f1alado que en los pr\u00f3ximos a\u00f1os los costes de vertedero continuar\u00e1n sufriendo un incremento y que la \u00fanica forma de compensar este incremento de costes es con un esfuerzo de la ciudadan\u00eda para mejorar y optimizar la recogida selectiva.<\/p>\n<p><iframe loading=\"lazy\" src=\"https:\/\/www.youtube.com\/embed\/Egkh40Rznm8\" width=\"560\" height=\"315\" frameborder=\"0\" allowfullscreen=\"allowfullscreen\"><\/iframe><\/p>\n ","protected":false},"excerpt":{"rendered":"<p>Vielha, 6 de noviembre de 2017.- El Pleno del Conselh Generau d\u2019Aran ha aprobado hoy una modificaci\u00f3n de cr\u00e9dito que debe permitir la construcci\u00f3n de la residencia geri\u00e1trica del Bajo Aran. En esta modificaci\u00f3n de cr\u00e9dito se ha previsto la financiaci\u00f3n para la mejora de accesos a espacios naturales del Valle de Aran y la&#8230;<\/p>\n","protected":false},"author":2,"featured_media":19690,"comment_status":"closed","ping_status":"closed","sticky":false,"template":"","format":"standard","meta":{"footnotes":""},"categories":[52,37],"tags":[],"_links":{"self":[{"href":"https:\/\/www.conselharan.org\/es\/wp-json\/wp\/v2\/posts\/19699"}],"collection":[{"href":"https:\/\/www.conselharan.org\/es\/wp-json\/wp\/v2\/posts"}],"about":[{"href":"https:\/\/www.conselharan.org\/es\/wp-json\/wp\/v2\/types\/post"}],"author":[{"embeddable":true,"href":"https:\/\/www.conselharan.org\/es\/wp-json\/wp\/v2\/users\/2"}],"replies":[{"embeddable":true,"href":"https:\/\/www.conselharan.org\/es\/wp-json\/wp\/v2\/comments?post=19699"}],"version-history":[{"count":1,"href":"https:\/\/www.conselharan.org\/es\/wp-json\/wp\/v2\/posts\/19699\/revisions"}],"predecessor-version":[{"id":19700,"href":"https:\/\/www.conselharan.org\/es\/wp-json\/wp\/v2\/posts\/19699\/revisions\/19700"}],"wp:featuredmedia":[{"embeddable":true,"href":"https:\/\/www.conselharan.org\/es\/wp-json\/wp\/v2\/media\/19690"}],"wp:attachment":[{"href":"https:\/\/www.conselharan.org\/es\/wp-json\/wp\/v2\/media?parent=19699"}],"wp:term":[{"taxonomy":"category","embeddable":true,"href":"https:\/\/www.conselharan.org\/es\/wp-json\/wp\/v2\/categories?post=19699"},{"taxonomy":"post_tag","embeddable":true,"href":"https:\/\/www.conselharan.org\/es\/wp-json\/wp\/v2\/tags?post=19699"}],"curies":[{"name":"wp","href":"https:\/\/api.w.org\/{rel}","templated":true}]}}