{"id":19750,"date":"2017-11-10T13:04:22","date_gmt":"2017-11-10T12:04:22","guid":{"rendered":"http:\/\/www.conselharan.org\/comencen-es-obres-de-reubicacion-des-servicis-administratius-der-espitau-dera-val-daran\/"},"modified":"2017-11-10T13:14:47","modified_gmt":"2017-11-10T12:14:47","slug":"comencen-es-obres-de-reubicacion-des-servicis-administratius-der-espitau-dera-val-daran","status":"publish","type":"post","link":"https:\/\/www.conselharan.org\/es\/comencen-es-obres-de-reubicacion-des-servicis-administratius-der-espitau-dera-val-daran\/","title":{"rendered":"Empiezan las obras de reubicaci\u00f3n de los servicios administrativos del Hospital del Valle de Aran"},"content":{"rendered":"<p>Vielha, 10 de noviembre de 2017.- El sindic d\u2019aran, <strong>Carlos Barrera<\/strong>, acompa\u00f1ado por <strong>M\u00aa Angels Borr\u00e0s<\/strong>, directora del SABS (Servicio Aran\u00e9s de Bienestar y Salud), ha visitado las obras de reubicaci\u00f3n de los servicios administrativos del Hospital de la Val d&#8217;Aran que se ubicar\u00e1n en unos locales de un edificio adyacente al mismo hospital que fueron adquiridos por el Conselh Generau d\u2019Aran.<\/p>\n<p><a href=\"http:\/\/www.conselharan.org\/wp-content\/uploads\/2017\/11\/IMG_4060.jpg\"><img loading=\"lazy\" decoding=\"async\" class=\"aligncenter size-large wp-image-19739\" src=\"http:\/\/www.conselharan.org\/wp-content\/uploads\/2017\/11\/IMG_4060-1024x768.jpg\" alt=\"\" width=\"1024\" height=\"768\" srcset=\"https:\/\/www.conselharan.org\/wp-content\/uploads\/2017\/11\/IMG_4060-1024x768.jpg 1024w, https:\/\/www.conselharan.org\/wp-content\/uploads\/2017\/11\/IMG_4060-300x225.jpg 300w, https:\/\/www.conselharan.org\/wp-content\/uploads\/2017\/11\/IMG_4060-768x576.jpg 768w\" sizes=\"(max-width: 1024px) 100vw, 1024px\" \/><\/a><\/p>\n<p>Los servicios administrativos y de direcci\u00f3n del hospital ocupar\u00e1n un local de dos plantas con un total de 287m, en las que se instalar\u00e1n los despachos de los servicios administrativos y de direcci\u00f3n del hospital y del servicio aran\u00e9s de Bienestar y salud, 3 salas de reuniones multiusos y el archivo del hospital.<\/p>\n<p>&nbsp;<\/p>\n<p>El Gobierno de Aran destina un presupuesto de 123.953 \u20ac a la reforma interior de las nuevas instalaciones.<\/p>\n<p><iframe loading=\"lazy\" src=\"https:\/\/www.youtube.com\/embed\/DBF7jeNp4IE\" width=\"560\" height=\"315\" frameborder=\"0\" allowfullscreen=\"allowfullscreen\"><\/iframe><\/p>\n<p>Los espacios liberados en el Hospital deber\u00edan permitir iniciar las siguientes fases de reforma del Hospital del Valle de Aran, consistentes en el traslado del laboratorio y la reforma del bloque quir\u00fargico y obst\u00e9trico con la construcci\u00f3n de dos nuevos quir\u00f3fanos en el actual edificio del hospital, aunque seg\u00fan el sindic d\u2019Aran, Carlos Barrera, todo depender\u00e1 de c\u00f3mo evolucione la actual situaci\u00f3n pol\u00edtica en Catalunya y la del Gobierno de la Generalidad de Catalunya.<\/p>\n<p>Est\u00e1 previsto que estas obras que realiza la empresa aranesa Barba S.L., est\u00e9n terminadas a finales de a\u00f1o para que los nuevos espacios puedan entrar en funcionamiento en el mes de enero del a\u00f1o 2018.<\/p>\n<p><a href=\"http:\/\/www.conselharan.org\/wp-content\/uploads\/2017\/11\/IMG_4103.jpg\"><img loading=\"lazy\" decoding=\"async\" class=\"aligncenter size-large wp-image-19741\" src=\"http:\/\/www.conselharan.org\/wp-content\/uploads\/2017\/11\/IMG_4103-1024x768.jpg\" alt=\"\" width=\"1024\" height=\"768\" srcset=\"https:\/\/www.conselharan.org\/wp-content\/uploads\/2017\/11\/IMG_4103-1024x768.jpg 1024w, https:\/\/www.conselharan.org\/wp-content\/uploads\/2017\/11\/IMG_4103-300x225.jpg 300w, https:\/\/www.conselharan.org\/wp-content\/uploads\/2017\/11\/IMG_4103-768x576.jpg 768w\" sizes=\"(max-width: 1024px) 100vw, 1024px\" \/><\/a> <a href=\"http:\/\/www.conselharan.org\/wp-content\/uploads\/2017\/11\/IMG_4126.jpg\"><img loading=\"lazy\" decoding=\"async\" class=\"aligncenter size-large wp-image-19738\" src=\"http:\/\/www.conselharan.org\/wp-content\/uploads\/2017\/11\/IMG_4126-1024x768.jpg\" alt=\"\" width=\"1024\" height=\"768\" srcset=\"https:\/\/www.conselharan.org\/wp-content\/uploads\/2017\/11\/IMG_4126-1024x768.jpg 1024w, https:\/\/www.conselharan.org\/wp-content\/uploads\/2017\/11\/IMG_4126-300x225.jpg 300w, https:\/\/www.conselharan.org\/wp-content\/uploads\/2017\/11\/IMG_4126-768x576.jpg 768w\" sizes=\"(max-width: 1024px) 100vw, 1024px\" \/><\/a> <a href=\"http:\/\/www.conselharan.org\/wp-content\/uploads\/2017\/11\/IMG_4072.jpg\"><img loading=\"lazy\" decoding=\"async\" class=\"aligncenter size-large wp-image-19740\" src=\"http:\/\/www.conselharan.org\/wp-content\/uploads\/2017\/11\/IMG_4072-1024x768.jpg\" alt=\"\" width=\"1024\" height=\"768\" srcset=\"https:\/\/www.conselharan.org\/wp-content\/uploads\/2017\/11\/IMG_4072-1024x768.jpg 1024w, https:\/\/www.conselharan.org\/wp-content\/uploads\/2017\/11\/IMG_4072-300x225.jpg 300w, https:\/\/www.conselharan.org\/wp-content\/uploads\/2017\/11\/IMG_4072-768x576.jpg 768w\" sizes=\"(max-width: 1024px) 100vw, 1024px\" \/><\/a> <a href=\"http:\/\/www.conselharan.org\/wp-content\/uploads\/2017\/11\/IMG_4110.jpg\"><img loading=\"lazy\" decoding=\"async\" class=\"aligncenter size-large wp-image-19742\" src=\"http:\/\/www.conselharan.org\/wp-content\/uploads\/2017\/11\/IMG_4110-1024x768.jpg\" alt=\"\" width=\"1024\" height=\"768\" srcset=\"https:\/\/www.conselharan.org\/wp-content\/uploads\/2017\/11\/IMG_4110-1024x768.jpg 1024w, https:\/\/www.conselharan.org\/wp-content\/uploads\/2017\/11\/IMG_4110-300x225.jpg 300w, https:\/\/www.conselharan.org\/wp-content\/uploads\/2017\/11\/IMG_4110-768x576.jpg 768w\" sizes=\"(max-width: 1024px) 100vw, 1024px\" \/><\/a><\/p>\n ","protected":false},"excerpt":{"rendered":"<p>Vielha, 10 de noviembre de 2017.- El sindic d\u2019aran, Carlos Barrera, acompa\u00f1ado por M\u00aa Angels Borr\u00e0s, directora del SABS (Servicio Aran\u00e9s de Bienestar y Salud), ha visitado las obras de reubicaci\u00f3n de los servicios administrativos del Hospital de la Val d&#8217;Aran que se ubicar\u00e1n en unos locales de un edificio adyacente al mismo hospital que&#8230;<\/p>\n","protected":false},"author":2,"featured_media":19739,"comment_status":"closed","ping_status":"closed","sticky":false,"template":"","format":"standard","meta":{"footnotes":""},"categories":[52],"tags":[],"_links":{"self":[{"href":"https:\/\/www.conselharan.org\/es\/wp-json\/wp\/v2\/posts\/19750"}],"collection":[{"href":"https:\/\/www.conselharan.org\/es\/wp-json\/wp\/v2\/posts"}],"about":[{"href":"https:\/\/www.conselharan.org\/es\/wp-json\/wp\/v2\/types\/post"}],"author":[{"embeddable":true,"href":"https:\/\/www.conselharan.org\/es\/wp-json\/wp\/v2\/users\/2"}],"replies":[{"embeddable":true,"href":"https:\/\/www.conselharan.org\/es\/wp-json\/wp\/v2\/comments?post=19750"}],"version-history":[{"count":1,"href":"https:\/\/www.conselharan.org\/es\/wp-json\/wp\/v2\/posts\/19750\/revisions"}],"predecessor-version":[{"id":19751,"href":"https:\/\/www.conselharan.org\/es\/wp-json\/wp\/v2\/posts\/19750\/revisions\/19751"}],"wp:featuredmedia":[{"embeddable":true,"href":"https:\/\/www.conselharan.org\/es\/wp-json\/wp\/v2\/media\/19739"}],"wp:attachment":[{"href":"https:\/\/www.conselharan.org\/es\/wp-json\/wp\/v2\/media?parent=19750"}],"wp:term":[{"taxonomy":"category","embeddable":true,"href":"https:\/\/www.conselharan.org\/es\/wp-json\/wp\/v2\/categories?post=19750"},{"taxonomy":"post_tag","embeddable":true,"href":"https:\/\/www.conselharan.org\/es\/wp-json\/wp\/v2\/tags?post=19750"}],"curies":[{"name":"wp","href":"https:\/\/api.w.org\/{rel}","templated":true}]}}