{"id":19774,"date":"2017-11-15T17:15:44","date_gmt":"2017-11-15T16:15:44","guid":{"rendered":"http:\/\/www.conselharan.org\/?p=19774"},"modified":"2017-11-15T17:15:44","modified_gmt":"2017-11-15T16:15:44","slug":"defensa-de-la-primera-catedra-de-cataluna-de-intervencion-en-el-patrimonio-arquitectonico","status":"publish","type":"post","link":"https:\/\/www.conselharan.org\/es\/defensa-de-la-primera-catedra-de-cataluna-de-intervencion-en-el-patrimonio-arquitectonico\/","title":{"rendered":"Defensa de la primera c\u00e1tedra de Catalu\u00f1a de Intervenci\u00f3n en el Patrimonio Arquitect\u00f3nico"},"content":{"rendered":"<p>Vielha, 15 de noviembre de 2017.- El jueves diecis\u00e9is de octubre tuvo lugar en el Sal\u00f3n de Grados de la Universidad Internacional de Catalunya en Barcelona la defensa de la primera c\u00e1tedra de Catalunya de Intervenci\u00f3n en el Patrimonio Arquitect\u00f3nico.<\/p>\n<p><a href=\"http:\/\/www.conselharan.org\/wp-content\/uploads\/2017\/11\/IMG-20171110-WA0034.jpg\"><img loading=\"lazy\" decoding=\"async\" class=\"aligncenter size-large wp-image-19770\" src=\"http:\/\/www.conselharan.org\/wp-content\/uploads\/2017\/11\/IMG-20171110-WA0034-1024x682.jpg\" alt=\"\" width=\"1024\" height=\"682\" srcset=\"https:\/\/www.conselharan.org\/wp-content\/uploads\/2017\/11\/IMG-20171110-WA0034-1024x682.jpg 1024w, https:\/\/www.conselharan.org\/wp-content\/uploads\/2017\/11\/IMG-20171110-WA0034-300x200.jpg 300w, https:\/\/www.conselharan.org\/wp-content\/uploads\/2017\/11\/IMG-20171110-WA0034-768x512.jpg 768w, https:\/\/www.conselharan.org\/wp-content\/uploads\/2017\/11\/IMG-20171110-WA0034.jpg 1600w\" sizes=\"(max-width: 1024px) 100vw, 1024px\" \/><\/a><\/p>\n<p>El Defensor de la misma ha sido el Dr. <strong>Josep Lluis i Ginovart<\/strong>, arquitecto por ETSAB de la UPC (1982) y Doctor arquitecto por la ETSARQ de la UIC (2002). En la actualidad desde 2016 es profesor titular y Director de la School of Architecture de la Universidad Internacional de Catalunya, UIC de Barcelona. Ha sido Director del Departamento de Arquitectura de la Universidad Rovira Virgili (2.014 a 2.016). Es investigador activo, y dirigi\u00f3 como IP el Grupo de Investigaci\u00f3n reconocida Architectural Heritage (PATRIARQ).<\/p>\n<p>Su trayectoria cient\u00edfica se produjo como un trasvase tras la experiencia profesional (1982-2016) en sus despachos de arquitectura de Barcelona y Tortosa y en el \u00e1mbito de la restauraci\u00f3n e intervenci\u00f3n del patrimonio arquitect\u00f3nico hacia el mundo de la Universidad. Proyectos como el Plan Director de la Catedral de Tortosa (1995-2000), dentro del Plan Nacional de Catedrales, o el Cat\u00e1logo de edificios y conjuntos urbanos y rurales de la ciudad y municipio de Tortosa (2000-2005) y el Plan Director del palacio episcopal de Tortosa (2010- 2012) provocaron la posibilidad de dirigir equipos pluridisciplinares.<\/p>\n<p>Ha desarrollado una labor de investigaci\u00f3n basada en la experiencia profesional contrastada, relacionada con los edificios hist\u00f3ricos de car\u00e1cter patrimonial, desde la \u00f3ptica de la protecci\u00f3n e intervenci\u00f3n en el patrimonio edificado tomando como base los elementos que configuran la gen\u00e9tica los edificios hist\u00f3ricos, esencialmente la geometr\u00eda y la forma constructiva.<\/p>\n<p>En el acto de defensa de una potencia intelectual y pedag\u00f3gica de alt\u00edsimo nivel estuvieron presentes por parte del Conselh Generau d\u2019Aran el Sr. J\u00e8p de Montoya y la Sra. Elisa Ros.<\/p>\n<p>Todo el proyecto y los trabajos realizados por los estudiantes (un 150 durante 6 a\u00f1os) y nuevos doctores (una tesis presentada y otra en ejecuci\u00f3n), as\u00ed como el escaneado para un viaje procesando los datos para tener la planimetr\u00eda tridimensional de 43 iglesias y capillas son un activo documental y de conocimiento impagable y que tendr\u00e1 una enorme trascendencia en el tiempo para la comprensi\u00f3n, restauraci\u00f3n y puesta en evidencia de nuestro patrimonio cultural.<\/p>\n<p>Josep Lluis, se ha convertido en un referente sobre el estudio, comprensi\u00f3n de c\u00f3mo se construyeron, de las patolog\u00edas que sufren, y de c\u00f3mo se han restaurar las iglesias aranesas y marca el camino por donde deben ir las cosas para la Universidad Catalana y en la Academia en general, revirtiendo el conocimiento al pueblo y en los territorios que durante siglos han mantenido los edificios en pie.<\/p>\n<p>El Valle de Aran es privilegiado por poder contar con el Dr. Josep Lluis i Ginovart y todo su equipo en esta meta que nos marcamos de creaci\u00f3n del expediente para que la Val d\u2019Aran un d\u00eda sea declarada Patrimonio de la Humanidad por parte de la UNESCO.<\/p>\n<p><a href=\"http:\/\/www.conselharan.org\/wp-content\/uploads\/2017\/11\/IMG-20171110-WA0055.jpg\"><img loading=\"lazy\" decoding=\"async\" class=\"aligncenter size-large wp-image-19771\" src=\"http:\/\/www.conselharan.org\/wp-content\/uploads\/2017\/11\/IMG-20171110-WA0055-1024x576.jpg\" alt=\"\" width=\"1024\" height=\"576\" srcset=\"https:\/\/www.conselharan.org\/wp-content\/uploads\/2017\/11\/IMG-20171110-WA0055-1024x576.jpg 1024w, https:\/\/www.conselharan.org\/wp-content\/uploads\/2017\/11\/IMG-20171110-WA0055-300x169.jpg 300w, https:\/\/www.conselharan.org\/wp-content\/uploads\/2017\/11\/IMG-20171110-WA0055-768x432.jpg 768w, https:\/\/www.conselharan.org\/wp-content\/uploads\/2017\/11\/IMG-20171110-WA0055.jpg 1600w\" sizes=\"(max-width: 1024px) 100vw, 1024px\" \/><\/a> <a href=\"http:\/\/www.conselharan.org\/wp-content\/uploads\/2017\/11\/IMG-20171110-WA0059.jpg\"><img loading=\"lazy\" decoding=\"async\" class=\"aligncenter size-large wp-image-19772\" src=\"http:\/\/www.conselharan.org\/wp-content\/uploads\/2017\/11\/IMG-20171110-WA0059-1024x576.jpg\" alt=\"\" width=\"1024\" height=\"576\" srcset=\"https:\/\/www.conselharan.org\/wp-content\/uploads\/2017\/11\/IMG-20171110-WA0059-1024x576.jpg 1024w, https:\/\/www.conselharan.org\/wp-content\/uploads\/2017\/11\/IMG-20171110-WA0059-300x169.jpg 300w, https:\/\/www.conselharan.org\/wp-content\/uploads\/2017\/11\/IMG-20171110-WA0059-768x432.jpg 768w, https:\/\/www.conselharan.org\/wp-content\/uploads\/2017\/11\/IMG-20171110-WA0059.jpg 1600w\" sizes=\"(max-width: 1024px) 100vw, 1024px\" \/><\/a><\/p>\n ","protected":false},"excerpt":{"rendered":"<p>Vielha, 15 de noviembre de 2017.- El jueves diecis\u00e9is de octubre tuvo lugar en el Sal\u00f3n de Grados de la Universidad Internacional de Catalunya en Barcelona la defensa de la primera c\u00e1tedra de Catalunya de Intervenci\u00f3n en el Patrimonio Arquitect\u00f3nico. El Defensor de la misma ha sido el Dr. Josep Lluis i Ginovart, arquitecto por&#8230;<\/p>\n","protected":false},"author":2,"featured_media":19770,"comment_status":"closed","ping_status":"closed","sticky":false,"template":"","format":"standard","meta":{"footnotes":""},"categories":[34],"tags":[],"_links":{"self":[{"href":"https:\/\/www.conselharan.org\/es\/wp-json\/wp\/v2\/posts\/19774"}],"collection":[{"href":"https:\/\/www.conselharan.org\/es\/wp-json\/wp\/v2\/posts"}],"about":[{"href":"https:\/\/www.conselharan.org\/es\/wp-json\/wp\/v2\/types\/post"}],"author":[{"embeddable":true,"href":"https:\/\/www.conselharan.org\/es\/wp-json\/wp\/v2\/users\/2"}],"replies":[{"embeddable":true,"href":"https:\/\/www.conselharan.org\/es\/wp-json\/wp\/v2\/comments?post=19774"}],"version-history":[{"count":1,"href":"https:\/\/www.conselharan.org\/es\/wp-json\/wp\/v2\/posts\/19774\/revisions"}],"predecessor-version":[{"id":19775,"href":"https:\/\/www.conselharan.org\/es\/wp-json\/wp\/v2\/posts\/19774\/revisions\/19775"}],"wp:featuredmedia":[{"embeddable":true,"href":"https:\/\/www.conselharan.org\/es\/wp-json\/wp\/v2\/media\/19770"}],"wp:attachment":[{"href":"https:\/\/www.conselharan.org\/es\/wp-json\/wp\/v2\/media?parent=19774"}],"wp:term":[{"taxonomy":"category","embeddable":true,"href":"https:\/\/www.conselharan.org\/es\/wp-json\/wp\/v2\/categories?post=19774"},{"taxonomy":"post_tag","embeddable":true,"href":"https:\/\/www.conselharan.org\/es\/wp-json\/wp\/v2\/tags?post=19774"}],"curies":[{"name":"wp","href":"https:\/\/api.w.org\/{rel}","templated":true}]}}