{"id":19782,"date":"2017-11-16T11:21:05","date_gmt":"2017-11-16T10:21:05","guid":{"rendered":"http:\/\/www.conselharan.org\/?p=19782"},"modified":"2017-11-16T11:21:05","modified_gmt":"2017-11-16T10:21:05","slug":"taller-de-manualidades-navidenas-en-caritas-val-daran","status":"publish","type":"post","link":"https:\/\/www.conselharan.org\/es\/taller-de-manualidades-navidenas-en-caritas-val-daran\/","title":{"rendered":"Taller de manualidades navide\u00f1as en C\u00e1ritas Val d\u2019Aran"},"content":{"rendered":"<p>Vielha, 15 de noviembre de 2017.- Desde el mes de octubre y hasta final de diciembre dentro del \u201cEspacio Grapats\u201d de C\u00e1ritas de Urgell se lleva a cabo el Taller de manualidades navide\u00f1as de C\u00e1ritas Val d\u2019Aran.<\/p>\n<p>Durante el \u00faltimo trimestre del a\u00f1o dedican este taller a realizar decoraciones de navidad con ropa reciclada. El taller adem\u00e1s es una muy buena manera de conocer a otras personas, hablar, poner ideas en com\u00fan y dar otro uso a la ropa que ya no se puede aprovechar.<\/p>\n<p>El taller se realiza todos los mi\u00e9rcoles de 10:30 a 11:30 horas en el centro de C\u00e1ritas en Vielha.<\/p>\n<p><a href=\"http:\/\/www.conselharan.org\/wp-content\/uploads\/2017\/11\/IMG-0501.jpg\"><img loading=\"lazy\" decoding=\"async\" class=\"aligncenter size-full wp-image-19780\" src=\"http:\/\/www.conselharan.org\/wp-content\/uploads\/2017\/11\/IMG-0501.jpg\" alt=\"\" width=\"1000\" height=\"750\" srcset=\"https:\/\/www.conselharan.org\/wp-content\/uploads\/2017\/11\/IMG-0501.jpg 1000w, https:\/\/www.conselharan.org\/wp-content\/uploads\/2017\/11\/IMG-0501-300x225.jpg 300w, https:\/\/www.conselharan.org\/wp-content\/uploads\/2017\/11\/IMG-0501-768x576.jpg 768w\" sizes=\"(max-width: 1000px) 100vw, 1000px\" \/><\/a><\/p>\n ","protected":false},"excerpt":{"rendered":"<p>Vielha, 15 de noviembre de 2017.- Desde el mes de octubre y hasta final de diciembre dentro del \u201cEspacio Grapats\u201d de C\u00e1ritas de Urgell se lleva a cabo el Taller de manualidades navide\u00f1as de C\u00e1ritas Val d\u2019Aran. Durante el \u00faltimo trimestre del a\u00f1o dedican este taller a realizar decoraciones de navidad con ropa reciclada. El&#8230;<\/p>\n","protected":false},"author":2,"featured_media":19780,"comment_status":"closed","ping_status":"closed","sticky":false,"template":"","format":"standard","meta":{"footnotes":""},"categories":[34],"tags":[],"_links":{"self":[{"href":"https:\/\/www.conselharan.org\/es\/wp-json\/wp\/v2\/posts\/19782"}],"collection":[{"href":"https:\/\/www.conselharan.org\/es\/wp-json\/wp\/v2\/posts"}],"about":[{"href":"https:\/\/www.conselharan.org\/es\/wp-json\/wp\/v2\/types\/post"}],"author":[{"embeddable":true,"href":"https:\/\/www.conselharan.org\/es\/wp-json\/wp\/v2\/users\/2"}],"replies":[{"embeddable":true,"href":"https:\/\/www.conselharan.org\/es\/wp-json\/wp\/v2\/comments?post=19782"}],"version-history":[{"count":1,"href":"https:\/\/www.conselharan.org\/es\/wp-json\/wp\/v2\/posts\/19782\/revisions"}],"predecessor-version":[{"id":19783,"href":"https:\/\/www.conselharan.org\/es\/wp-json\/wp\/v2\/posts\/19782\/revisions\/19783"}],"wp:featuredmedia":[{"embeddable":true,"href":"https:\/\/www.conselharan.org\/es\/wp-json\/wp\/v2\/media\/19780"}],"wp:attachment":[{"href":"https:\/\/www.conselharan.org\/es\/wp-json\/wp\/v2\/media?parent=19782"}],"wp:term":[{"taxonomy":"category","embeddable":true,"href":"https:\/\/www.conselharan.org\/es\/wp-json\/wp\/v2\/categories?post=19782"},{"taxonomy":"post_tag","embeddable":true,"href":"https:\/\/www.conselharan.org\/es\/wp-json\/wp\/v2\/tags?post=19782"}],"curies":[{"name":"wp","href":"https:\/\/api.w.org\/{rel}","templated":true}]}}