{"id":19807,"date":"2017-11-17T14:02:27","date_gmt":"2017-11-17T13:02:27","guid":{"rendered":"http:\/\/www.conselharan.org\/?p=19807"},"modified":"2017-11-17T14:02:27","modified_gmt":"2017-11-17T13:02:27","slug":"curso-interpretacion-y-educacion-ambiental-en-eteva","status":"publish","type":"post","link":"https:\/\/www.conselharan.org\/es\/curso-interpretacion-y-educacion-ambiental-en-eteva\/","title":{"rendered":"Curso \u00abInterpretaci\u00f3n y Educaci\u00f3n Ambiental\u00bb en ETEVA"},"content":{"rendered":"<p>Vielha, 16 de noviembre de 2017.- El Conselh Generau d\u2019Aran a trav\u00e9s de ETEVA (Escuela de T\u00e9cnicos Deportivos de la Val d&#8217;Aran), ofrece el <strong>curso \u00abInterpretaci\u00f3n y Educaci\u00f3n Ambiental\u00bb<\/strong>. El curso est\u00e1 subvencionado por el SOC (Servicio de Ocupaci\u00f3n de Catalu\u00f1a) y es gratuito para los alumnos.<\/p>\n<p>El curso se compone de 4 m\u00f3dulos te\u00f3rico-pr\u00e1cticos y un m\u00f3dulo de pr\u00e1cticas en empresa. Los alumnos que finalicen toda la formaci\u00f3n podr\u00e1n solicitar la expedici\u00f3n del correspondiente Certificado de profesionalidad. La matr\u00edcula parcial por m\u00f3dulos tambi\u00e9n es posible en el caso de que haya plazas disponibles.<\/p>\n<p><a href=\"http:\/\/www.conselharan.org\/wp-content\/uploads\/2017\/11\/post_-INTERPRETACI\u00d3-I-EDUCACI\u00d3-AMBIENTAL-2.png\"><img loading=\"lazy\" decoding=\"async\" class=\"aligncenter size-full wp-image-19805\" src=\"http:\/\/www.conselharan.org\/wp-content\/uploads\/2017\/11\/post_-INTERPRETACI\u00d3-I-EDUCACI\u00d3-AMBIENTAL-2.png\" alt=\"\" width=\"940\" height=\"788\" srcset=\"https:\/\/www.conselharan.org\/wp-content\/uploads\/2017\/11\/post_-INTERPRETACI\u00d3-I-EDUCACI\u00d3-AMBIENTAL-2.png 940w, https:\/\/www.conselharan.org\/wp-content\/uploads\/2017\/11\/post_-INTERPRETACI\u00d3-I-EDUCACI\u00d3-AMBIENTAL-2-300x251.png 300w, https:\/\/www.conselharan.org\/wp-content\/uploads\/2017\/11\/post_-INTERPRETACI\u00d3-I-EDUCACI\u00d3-AMBIENTAL-2-768x644.png 768w\" sizes=\"(max-width: 940px) 100vw, 940px\" \/><\/a><\/p>\n<p>Los requisitos para poder acceder al curso son:<\/p>\n<p>&nbsp;<\/p>\n<p>-Tener t\u00edtulo de Bachiller, equivalente o superior (de lo contrario se tendr\u00e1 que hacer una prueba de nivel).<\/p>\n<p>-Estar desempleado e inscrito en las oficinas del SOC. (Pueden ir de 8.30 a 14.00 h y llevar el DNI).<\/p>\n<p>&nbsp;<\/p>\n<p>Los contenidos del curso son los siguientes:<\/p>\n<p>&nbsp;<\/p>\n<p>-Actividades de orientaci\u00f3n y desarrollo en el medio (100 horas).<\/p>\n<p>-Estructura y din\u00e1mica del medio ambiente (100 horas).<\/p>\n<p>-Actividades humanas y problem\u00e1tica ambiental (100 horas).<\/p>\n<p>-Programas de educaci\u00f3n ambiental (120 horas).<\/p>\n<p>-Pr\u00e1cticas profesionales (80 horas).<\/p>\n<p>&nbsp;<\/p>\n<p>El curso se iniciar\u00e1 en abril de 2018 y finalizar\u00e1 el mes de octubre.<\/p>\n<p>Las inscripciones y la matr\u00edcula se deben formalizar antes del d\u00eda 22 de noviembre de 2017. Las plazas son limitadas.<\/p>\n<p>&nbsp;<\/p>\n<p>Para m\u00e1s informaci\u00f3n pueden dirigirse a <a href=\"mailto:nuria@eteva.org\">nuria@eteva.org<\/a> o al 973644595<\/p>\n ","protected":false},"excerpt":{"rendered":"<p>Vielha, 16 de noviembre de 2017.- El Conselh Generau d\u2019Aran a trav\u00e9s de ETEVA (Escuela de T\u00e9cnicos Deportivos de la Val d&#8217;Aran), ofrece el curso \u00abInterpretaci\u00f3n y Educaci\u00f3n Ambiental\u00bb. El curso est\u00e1 subvencionado por el SOC (Servicio de Ocupaci\u00f3n de Catalu\u00f1a) y es gratuito para los alumnos. El curso se compone de 4 m\u00f3dulos te\u00f3rico-pr\u00e1cticos&#8230;<\/p>\n","protected":false},"author":2,"featured_media":19805,"comment_status":"closed","ping_status":"closed","sticky":false,"template":"","format":"standard","meta":{"footnotes":""},"categories":[34],"tags":[],"_links":{"self":[{"href":"https:\/\/www.conselharan.org\/es\/wp-json\/wp\/v2\/posts\/19807"}],"collection":[{"href":"https:\/\/www.conselharan.org\/es\/wp-json\/wp\/v2\/posts"}],"about":[{"href":"https:\/\/www.conselharan.org\/es\/wp-json\/wp\/v2\/types\/post"}],"author":[{"embeddable":true,"href":"https:\/\/www.conselharan.org\/es\/wp-json\/wp\/v2\/users\/2"}],"replies":[{"embeddable":true,"href":"https:\/\/www.conselharan.org\/es\/wp-json\/wp\/v2\/comments?post=19807"}],"version-history":[{"count":1,"href":"https:\/\/www.conselharan.org\/es\/wp-json\/wp\/v2\/posts\/19807\/revisions"}],"predecessor-version":[{"id":19808,"href":"https:\/\/www.conselharan.org\/es\/wp-json\/wp\/v2\/posts\/19807\/revisions\/19808"}],"wp:featuredmedia":[{"embeddable":true,"href":"https:\/\/www.conselharan.org\/es\/wp-json\/wp\/v2\/media\/19805"}],"wp:attachment":[{"href":"https:\/\/www.conselharan.org\/es\/wp-json\/wp\/v2\/media?parent=19807"}],"wp:term":[{"taxonomy":"category","embeddable":true,"href":"https:\/\/www.conselharan.org\/es\/wp-json\/wp\/v2\/categories?post=19807"},{"taxonomy":"post_tag","embeddable":true,"href":"https:\/\/www.conselharan.org\/es\/wp-json\/wp\/v2\/tags?post=19807"}],"curies":[{"name":"wp","href":"https:\/\/api.w.org\/{rel}","templated":true}]}}