{"id":19885,"date":"2017-11-24T12:54:32","date_gmt":"2017-11-24T11:54:32","guid":{"rendered":"http:\/\/www.conselharan.org\/?p=19885"},"modified":"2017-11-24T13:05:33","modified_gmt":"2017-11-24T12:05:33","slug":"manifest-damb-motiu-deth-dia-internacionau-contra-era-violencia-de-genre","status":"publish","type":"post","link":"https:\/\/www.conselharan.org\/es\/manifest-damb-motiu-deth-dia-internacionau-contra-era-violencia-de-genre\/","title":{"rendered":"Manif\u00e8st damb motiu deth Dia Internacionau contra era Viol\u00e9ncia de Genre"},"content":{"rendered":"<p>Vielha, 24 de noveme de 2017.- Jos eth l\u00e8ma <strong>\u00abNon ei non\u00bb,<\/strong> ent\u00e0s 12 deth meddia d&#8217;au\u00e9 diuendres s&#8217;a liejut ena pla\u00e7a deth Conselh Generau d\u2019Aran eth manif\u00e8st en commemoracion deth Dia Internacionau contra era Viol\u00e9ncia de Genre.<\/p>\n<p><a href=\"http:\/\/www.conselharan.org\/wp-content\/uploads\/2017\/11\/IMG_0924.jpg\"><img loading=\"lazy\" decoding=\"async\" class=\"aligncenter size-large wp-image-19880\" src=\"http:\/\/www.conselharan.org\/wp-content\/uploads\/2017\/11\/IMG_0924-1024x576.jpg\" alt=\"\" width=\"1024\" height=\"576\" srcset=\"https:\/\/www.conselharan.org\/wp-content\/uploads\/2017\/11\/IMG_0924-1024x576.jpg 1024w, https:\/\/www.conselharan.org\/wp-content\/uploads\/2017\/11\/IMG_0924-300x169.jpg 300w, https:\/\/www.conselharan.org\/wp-content\/uploads\/2017\/11\/IMG_0924-768x432.jpg 768w\" sizes=\"(max-width: 1024px) 100vw, 1024px\" \/><\/a><\/p>\n<p>Era conselh\u00e8ra de Salut e Ben\u00e8ster d\u2019Aran, Anna D\u00edaz, a estat era encargada de dar lectura ath manif\u00e8st.<\/p>\n<p>Era lectura deth manif\u00e8st e es actes restacadi damb eth Dia Internacionau contra era Viol\u00e9ncia de Genre, son organizadi peth SIAH Servici d&#8217;Informacion e Atencion as Hemnes deth Conselh Generau d\u2019Aran.<br \/>\n<iframe loading=\"lazy\" src=\"https:\/\/www.youtube.com\/embed\/WTcnUhp9JC8\" width=\"560\" height=\"315\" frameborder=\"0\" allowfullscreen=\"allowfullscreen\"><\/iframe><\/p>\n<p>Religat damb era viol\u00e9ncia de genre, pendent eth mes de deseme, eth SIAH organize un cors de formacion dirigit a trabalhadors sociaus e personau qualificat que trabalhen damb familhes vulnerables, sus mesures d\u2019auto-contrar\u00f2tle e d\u2019auto-defensa.<\/p>\n<p>Eth Dia Internacionau contra era Viol\u00e9ncia de Genre se commem\u00f2re a niv\u00e8u mondiau eth dia 25 de noveme.<\/p>\n ","protected":false},"excerpt":{"rendered":"<p>Vielha, 24 de noveme de 2017.- Jos eth l\u00e8ma \u00abNon ei non\u00bb, ent\u00e0s 12 deth meddia d&#8217;au\u00e9 diuendres s&#8217;a liejut ena pla\u00e7a deth Conselh Generau d\u2019Aran eth manif\u00e8st en commemoracion deth Dia Internacionau contra era Viol\u00e9ncia de Genre. Era conselh\u00e8ra de Salut e Ben\u00e8ster d\u2019Aran, Anna D\u00edaz, a estat era encargada de dar lectura ath&#8230;<\/p>\n","protected":false},"author":2,"featured_media":19880,"comment_status":"closed","ping_status":"closed","sticky":false,"template":"","format":"standard","meta":{"footnotes":""},"categories":[52,37],"tags":[],"_links":{"self":[{"href":"https:\/\/www.conselharan.org\/es\/wp-json\/wp\/v2\/posts\/19885"}],"collection":[{"href":"https:\/\/www.conselharan.org\/es\/wp-json\/wp\/v2\/posts"}],"about":[{"href":"https:\/\/www.conselharan.org\/es\/wp-json\/wp\/v2\/types\/post"}],"author":[{"embeddable":true,"href":"https:\/\/www.conselharan.org\/es\/wp-json\/wp\/v2\/users\/2"}],"replies":[{"embeddable":true,"href":"https:\/\/www.conselharan.org\/es\/wp-json\/wp\/v2\/comments?post=19885"}],"version-history":[{"count":2,"href":"https:\/\/www.conselharan.org\/es\/wp-json\/wp\/v2\/posts\/19885\/revisions"}],"predecessor-version":[{"id":19892,"href":"https:\/\/www.conselharan.org\/es\/wp-json\/wp\/v2\/posts\/19885\/revisions\/19892"}],"wp:featuredmedia":[{"embeddable":true,"href":"https:\/\/www.conselharan.org\/es\/wp-json\/wp\/v2\/media\/19880"}],"wp:attachment":[{"href":"https:\/\/www.conselharan.org\/es\/wp-json\/wp\/v2\/media?parent=19885"}],"wp:term":[{"taxonomy":"category","embeddable":true,"href":"https:\/\/www.conselharan.org\/es\/wp-json\/wp\/v2\/categories?post=19885"},{"taxonomy":"post_tag","embeddable":true,"href":"https:\/\/www.conselharan.org\/es\/wp-json\/wp\/v2\/tags?post=19885"}],"curies":[{"name":"wp","href":"https:\/\/api.w.org\/{rel}","templated":true}]}}