{"id":19938,"date":"2017-12-01T12:56:50","date_gmt":"2017-12-01T11:56:50","guid":{"rendered":"http:\/\/www.conselharan.org\/?p=19938"},"modified":"2017-12-01T12:56:50","modified_gmt":"2017-12-01T11:56:50","slug":"la-oficina-de-juventud-del-conselh-generau-daran-situa-9-puntos-de-informacion-sobre-el-sida-en-todo-el-valle-de-aran","status":"publish","type":"post","link":"https:\/\/www.conselharan.org\/es\/la-oficina-de-juventud-del-conselh-generau-daran-situa-9-puntos-de-informacion-sobre-el-sida-en-todo-el-valle-de-aran\/","title":{"rendered":"La Oficina de Juventud del Conselh Generau d\u2019Aran sit\u00faa 9 puntos de informaci\u00f3n sobre el sida en todo el Valle de Aran"},"content":{"rendered":"<p>Vielha, 1 de diciembre de 2017.- La Oficina de Juventud del Conselh Generau d\u2019Aran ha situado el d\u00eda mundial de la lucha contra el Sida, nueve puntos de informaci\u00f3n en todo el Valle de Aran que tratan sobre esta enfermedad.<\/p>\n<p>Cada punto acoge material informativo. Los puntos de informaci\u00f3n se han distribuido a lo largo del territorio aran\u00e9s: en el punto Omnia del Haro de Les, en la Escuela de Hosteler\u00eda de Les; en la zona deportiva de Boss\u00f2st; en el Hospital del Valle de Aran, en el Instituto de Aran, en la Oficina de Juventud, en la sede del Conselh Generau d\u2019Aran, en el centro de formaci\u00f3n de adultos de la Val d&#8217;Aran y el Albergue \u00abEra Garona\u00bb de Salard\u00fa.<\/p>\n<p>Con la situaci\u00f3n de estos puntos, se intenta informar a los chicos y chicas sobre la prevenci\u00f3n del VIH, las enfermedades de transmisi\u00f3n sexual y los embarazos no deseados y sobre las acciones de apoyo a las personas, colectivos, familiares o comunidades afectadas por la enfermedad y su estigmatizaci\u00f3n.<\/p>\n<p><a href=\"http:\/\/www.conselharan.org\/wp-content\/uploads\/2017\/12\/1.png\"><img loading=\"lazy\" decoding=\"async\" class=\"aligncenter size-large wp-image-19936\" src=\"http:\/\/www.conselharan.org\/wp-content\/uploads\/2017\/12\/1-1024x724.png\" alt=\"\" width=\"1024\" height=\"724\" srcset=\"https:\/\/www.conselharan.org\/wp-content\/uploads\/2017\/12\/1-1024x724.png 1024w, https:\/\/www.conselharan.org\/wp-content\/uploads\/2017\/12\/1-300x212.png 300w, https:\/\/www.conselharan.org\/wp-content\/uploads\/2017\/12\/1-768x543.png 768w, https:\/\/www.conselharan.org\/wp-content\/uploads\/2017\/12\/1.png 1588w\" sizes=\"(max-width: 1024px) 100vw, 1024px\" \/><\/a><\/p>\n ","protected":false},"excerpt":{"rendered":"<p>Vielha, 1 de diciembre de 2017.- La Oficina de Juventud del Conselh Generau d\u2019Aran ha situado el d\u00eda mundial de la lucha contra el Sida, nueve puntos de informaci\u00f3n en todo el Valle de Aran que tratan sobre esta enfermedad. Cada punto acoge material informativo. Los puntos de informaci\u00f3n se han distribuido a lo largo&#8230;<\/p>\n","protected":false},"author":2,"featured_media":19936,"comment_status":"closed","ping_status":"closed","sticky":false,"template":"","format":"standard","meta":{"footnotes":""},"categories":[34],"tags":[],"_links":{"self":[{"href":"https:\/\/www.conselharan.org\/es\/wp-json\/wp\/v2\/posts\/19938"}],"collection":[{"href":"https:\/\/www.conselharan.org\/es\/wp-json\/wp\/v2\/posts"}],"about":[{"href":"https:\/\/www.conselharan.org\/es\/wp-json\/wp\/v2\/types\/post"}],"author":[{"embeddable":true,"href":"https:\/\/www.conselharan.org\/es\/wp-json\/wp\/v2\/users\/2"}],"replies":[{"embeddable":true,"href":"https:\/\/www.conselharan.org\/es\/wp-json\/wp\/v2\/comments?post=19938"}],"version-history":[{"count":1,"href":"https:\/\/www.conselharan.org\/es\/wp-json\/wp\/v2\/posts\/19938\/revisions"}],"predecessor-version":[{"id":19939,"href":"https:\/\/www.conselharan.org\/es\/wp-json\/wp\/v2\/posts\/19938\/revisions\/19939"}],"wp:featuredmedia":[{"embeddable":true,"href":"https:\/\/www.conselharan.org\/es\/wp-json\/wp\/v2\/media\/19936"}],"wp:attachment":[{"href":"https:\/\/www.conselharan.org\/es\/wp-json\/wp\/v2\/media?parent=19938"}],"wp:term":[{"taxonomy":"category","embeddable":true,"href":"https:\/\/www.conselharan.org\/es\/wp-json\/wp\/v2\/categories?post=19938"},{"taxonomy":"post_tag","embeddable":true,"href":"https:\/\/www.conselharan.org\/es\/wp-json\/wp\/v2\/tags?post=19938"}],"curies":[{"name":"wp","href":"https:\/\/api.w.org\/{rel}","templated":true}]}}