{"id":19979,"date":"2017-12-05T14:10:48","date_gmt":"2017-12-05T13:10:48","guid":{"rendered":"http:\/\/www.conselharan.org\/?p=19979"},"modified":"2017-12-05T14:17:47","modified_gmt":"2017-12-05T13:17:47","slug":"tres-jovenes-araneses-comienzan-a-trabajar-en-el-conselh-generau-daran-con-la-garantia-juvenil","status":"publish","type":"post","link":"https:\/\/www.conselharan.org\/es\/tres-jovenes-araneses-comienzan-a-trabajar-en-el-conselh-generau-daran-con-la-garantia-juvenil\/","title":{"rendered":"Tres j\u00f3venes araneses comienzan a trabajar en el Conselh Generau d\u2019Aran con la Garant\u00eda Juvenil"},"content":{"rendered":"<p>Vielha, 5 de diciembre de 2017.- Tres j\u00f3venes araneses han incorporado hoy mediante un contrato de pr\u00e1cticas de 6 meses a la estructura del Conselh Generau d\u2019Aran, despu\u00e9s de haberse acogido al programa de la Garant\u00eda Juvenil. Los chicos y chicas, trabajar\u00e1n en los departamentos de Secretar\u00eda y Recursos Humanos; Inform\u00e1tica; y Medio Ambiente en Gesti\u00f3n de Residuos.<\/p>\n<p>A\u00fan existe la posibilidad de que un cuarto joven se pueda incorporar como Auxiliar de Informaci\u00f3n Tur\u00edstica. Los interesados \u200b\/as deben informarse en la oficina de Joenessa del Conselh Generau d\u2019Aran en la C\/Mayor, 36 de Vielha.<\/p>\n<p><a href=\"http:\/\/www.conselharan.org\/wp-content\/uploads\/2017\/12\/IMG_1759.jpg\"><img loading=\"lazy\" decoding=\"async\" class=\"aligncenter size-large wp-image-19975\" src=\"http:\/\/www.conselharan.org\/wp-content\/uploads\/2017\/12\/IMG_1759-1024x768.jpg\" alt=\"\" width=\"1024\" height=\"768\" srcset=\"https:\/\/www.conselharan.org\/wp-content\/uploads\/2017\/12\/IMG_1759-1024x768.jpg 1024w, https:\/\/www.conselharan.org\/wp-content\/uploads\/2017\/12\/IMG_1759-300x225.jpg 300w, https:\/\/www.conselharan.org\/wp-content\/uploads\/2017\/12\/IMG_1759-768x576.jpg 768w\" sizes=\"(max-width: 1024px) 100vw, 1024px\" \/><\/a><\/p>\n<p>A trav\u00e9s de los programas de la Garant\u00eda Juvenil, el Conselh Generau d\u2019Aran ha contratado ocho j\u00f3venes los dos \u00faltimos a\u00f1os, tal y como ha explicado el vicesindic d\u2019Aran y consejero de Juventud, <strong>Lu\u00eds Carlos Medina<\/strong>, que ha trabajado intensamente durante este tiempo junto con los responsables de la Garant\u00eda Juvenil de la Generalitat de Catalunya, para que los j\u00f3venes araneses cada vez conozcan m\u00e1s todas las posibilidades que les ofrecen estos programas y se puedan beneficiar de ellos.<\/p>\n<p>La Garant\u00eda Juvenil es una iniciativa europea de empleo para reducir el paro juvenil, impulsada en Catalunya a trav\u00e9s del Servicio P\u00fablico de Empleo de Catalunya (SOC), y en el Valle de Aran en colaboraci\u00f3n con el Conselh Generau d\u2019Aran a trav\u00e9s del Departamento de Juventud.<\/p>\n<p>En cuanto al sector tecnol\u00f3gico, que tiene gran proyecci\u00f3n de futuro, con la Garant\u00eda Juvenil, gracias a un convenio con importantes empresas tecnol\u00f3gicas en Catalunya, se han llevado a cabo iniciativas como cursos de pilotaje de drones o para Javascript y Angular y de Programaci\u00f3n T\u00e9cnica para Android y iOS. Los j\u00f3venes araneses interesados \u200b\u200ben este \u00e1mbito, pueden solicitar m\u00e1s informaci\u00f3n en la oficina de Juventud.<\/p>\n<p>Tambi\u00e9n hay que saber que LNT Mobility permite hacer pr\u00e1cticas por un tiempo m\u00ednimo de 2 meses en cualquier pa\u00eds de la Uni\u00f3n Europea en empresas p\u00fablicas y privadas que necesitan personal formado en las especialidades de este programa. Los j\u00f3venes seleccionados recibir\u00e1n preparaci\u00f3n previa a la estancia en el extranjero y se les har\u00e1 un seguimiento posterior a las pr\u00e1cticas.<\/p>\n<p>Para acceder a los programas de la Garant\u00eda Juvenil hay que tener entre 16 y 29 a\u00f1os, y cumplir los requisitos siguientes <a href=\"http:\/\/garantiajuvenil.gencat.cat\/ca\/que-es-garantia-juvenil\/Requisits\/\">http:\/\/garantiajuvenil.gencat.cat\/ca\/que-es-garantia-juvenil\/Requisits\/<\/a><\/p>\n<p>Para m\u00e1s informaci\u00f3n <a href=\"http:\/\/garantiajuvenil.gencat.cat\/ca\/inici\/\">http:\/\/garantiajuvenil.gencat.cat\/ca\/inici\/<\/a><\/p>\n<p>&nbsp;<\/p>\n ","protected":false},"excerpt":{"rendered":"<p>Vielha, 5 de diciembre de 2017.- Tres j\u00f3venes araneses han incorporado hoy mediante un contrato de pr\u00e1cticas de 6 meses a la estructura del Conselh Generau d\u2019Aran, despu\u00e9s de haberse acogido al programa de la Garant\u00eda Juvenil. Los chicos y chicas, trabajar\u00e1n en los departamentos de Secretar\u00eda y Recursos Humanos; Inform\u00e1tica; y Medio Ambiente en&#8230;<\/p>\n","protected":false},"author":2,"featured_media":19975,"comment_status":"closed","ping_status":"closed","sticky":false,"template":"","format":"standard","meta":{"footnotes":""},"categories":[52,37],"tags":[],"_links":{"self":[{"href":"https:\/\/www.conselharan.org\/es\/wp-json\/wp\/v2\/posts\/19979"}],"collection":[{"href":"https:\/\/www.conselharan.org\/es\/wp-json\/wp\/v2\/posts"}],"about":[{"href":"https:\/\/www.conselharan.org\/es\/wp-json\/wp\/v2\/types\/post"}],"author":[{"embeddable":true,"href":"https:\/\/www.conselharan.org\/es\/wp-json\/wp\/v2\/users\/2"}],"replies":[{"embeddable":true,"href":"https:\/\/www.conselharan.org\/es\/wp-json\/wp\/v2\/comments?post=19979"}],"version-history":[{"count":2,"href":"https:\/\/www.conselharan.org\/es\/wp-json\/wp\/v2\/posts\/19979\/revisions"}],"predecessor-version":[{"id":19981,"href":"https:\/\/www.conselharan.org\/es\/wp-json\/wp\/v2\/posts\/19979\/revisions\/19981"}],"wp:featuredmedia":[{"embeddable":true,"href":"https:\/\/www.conselharan.org\/es\/wp-json\/wp\/v2\/media\/19975"}],"wp:attachment":[{"href":"https:\/\/www.conselharan.org\/es\/wp-json\/wp\/v2\/media?parent=19979"}],"wp:term":[{"taxonomy":"category","embeddable":true,"href":"https:\/\/www.conselharan.org\/es\/wp-json\/wp\/v2\/categories?post=19979"},{"taxonomy":"post_tag","embeddable":true,"href":"https:\/\/www.conselharan.org\/es\/wp-json\/wp\/v2\/tags?post=19979"}],"curies":[{"name":"wp","href":"https:\/\/api.w.org\/{rel}","templated":true}]}}