{"id":19989,"date":"2017-12-07T11:35:08","date_gmt":"2017-12-07T10:35:08","guid":{"rendered":"http:\/\/www.conselharan.org\/?p=19989"},"modified":"2017-12-07T11:35:08","modified_gmt":"2017-12-07T10:35:08","slug":"orientacion-profesional-para-estudiantes-en-el-cei-val-daran","status":"publish","type":"post","link":"https:\/\/www.conselharan.org\/es\/orientacion-profesional-para-estudiantes-en-el-cei-val-daran\/","title":{"rendered":"Orientaci\u00f3n profesional para estudiantes en el CEI Val d\u2019Aran  \u00a0"},"content":{"rendered":"<p>&nbsp;<\/p>\n<p>Vielha, 5 de diciembre de 2017.- El pasado lunes 4 de diciembre los alumnos de los ciclos formativos de Grado medio y superior de \u00abConducci\u00f3n de grupos en el medio natural\u00bb y de \u00abAnimaci\u00f3n de actividades f\u00edsico deportivas, de 1\u00ba y de 2\u00ba \u00abdel INS d\u2019Aran, asistieron a las c\u00e1psulas formativas de orientaci\u00f3n profesional organizadas por el <strong>CEI Val d\u2019Aran de Casau<\/strong>.<\/p>\n<p>Las c\u00e1psulas formativas bajo el t\u00edtulo de <strong>\u00abAprende a hacer curr\u00edculums creativos\u00bb <\/strong>y <strong>\u00abSabes<\/strong> <strong>c\u00f3mo hacer un curr\u00edculum por competencias\u00bb<\/strong>, fueron impartidas por <strong>Viviana Gr\u00e0cia i Espin\u00f3s<\/strong>, Master en Direcci\u00f3n y Liderazgo, Licenciada en Psicopedagog\u00eda y Postgrado en Inteligencia Emocional en las Organizaciones.<\/p>\n<p>Las c\u00e1psulas tuvieron una gran aceptaci\u00f3n entre los alumnos de los ciclos formativos, y empiezan tambi\u00e9n la relaci\u00f3n de colaboraci\u00f3n entre el CEI Val d\u2019Aran y el INS d\u2019Aran, para ofrecer herramientas de formaci\u00f3n e informaci\u00f3n sobre el mundo laboral a los estudiantes.<\/p>\n<p><a href=\"http:\/\/www.conselharan.org\/wp-content\/uploads\/2017\/12\/IMG_4737-1.jpg\"><img loading=\"lazy\" decoding=\"async\" class=\"aligncenter size-large wp-image-19987\" src=\"http:\/\/www.conselharan.org\/wp-content\/uploads\/2017\/12\/IMG_4737-1-1024x749.jpg\" alt=\"\" width=\"1024\" height=\"749\" srcset=\"https:\/\/www.conselharan.org\/wp-content\/uploads\/2017\/12\/IMG_4737-1-1024x749.jpg 1024w, https:\/\/www.conselharan.org\/wp-content\/uploads\/2017\/12\/IMG_4737-1-300x219.jpg 300w, https:\/\/www.conselharan.org\/wp-content\/uploads\/2017\/12\/IMG_4737-1-768x562.jpg 768w\" sizes=\"(max-width: 1024px) 100vw, 1024px\" \/><\/a><\/p>\n ","protected":false},"excerpt":{"rendered":"<p>&nbsp; Vielha, 5 de diciembre de 2017.- El pasado lunes 4 de diciembre los alumnos de los ciclos formativos de Grado medio y superior de \u00abConducci\u00f3n de grupos en el medio natural\u00bb y de \u00abAnimaci\u00f3n de actividades f\u00edsico deportivas, de 1\u00ba y de 2\u00ba \u00abdel INS d\u2019Aran, asistieron a las c\u00e1psulas formativas de orientaci\u00f3n profesional&#8230;<\/p>\n","protected":false},"author":2,"featured_media":19987,"comment_status":"closed","ping_status":"closed","sticky":false,"template":"","format":"standard","meta":{"footnotes":""},"categories":[34],"tags":[],"_links":{"self":[{"href":"https:\/\/www.conselharan.org\/es\/wp-json\/wp\/v2\/posts\/19989"}],"collection":[{"href":"https:\/\/www.conselharan.org\/es\/wp-json\/wp\/v2\/posts"}],"about":[{"href":"https:\/\/www.conselharan.org\/es\/wp-json\/wp\/v2\/types\/post"}],"author":[{"embeddable":true,"href":"https:\/\/www.conselharan.org\/es\/wp-json\/wp\/v2\/users\/2"}],"replies":[{"embeddable":true,"href":"https:\/\/www.conselharan.org\/es\/wp-json\/wp\/v2\/comments?post=19989"}],"version-history":[{"count":1,"href":"https:\/\/www.conselharan.org\/es\/wp-json\/wp\/v2\/posts\/19989\/revisions"}],"predecessor-version":[{"id":19990,"href":"https:\/\/www.conselharan.org\/es\/wp-json\/wp\/v2\/posts\/19989\/revisions\/19990"}],"wp:featuredmedia":[{"embeddable":true,"href":"https:\/\/www.conselharan.org\/es\/wp-json\/wp\/v2\/media\/19987"}],"wp:attachment":[{"href":"https:\/\/www.conselharan.org\/es\/wp-json\/wp\/v2\/media?parent=19989"}],"wp:term":[{"taxonomy":"category","embeddable":true,"href":"https:\/\/www.conselharan.org\/es\/wp-json\/wp\/v2\/categories?post=19989"},{"taxonomy":"post_tag","embeddable":true,"href":"https:\/\/www.conselharan.org\/es\/wp-json\/wp\/v2\/tags?post=19989"}],"curies":[{"name":"wp","href":"https:\/\/api.w.org\/{rel}","templated":true}]}}