{"id":20021,"date":"2017-12-13T17:51:43","date_gmt":"2017-12-13T16:51:43","guid":{"rendered":"http:\/\/www.conselharan.org\/?p=20021"},"modified":"2017-12-13T17:51:43","modified_gmt":"2017-12-13T16:51:43","slug":"alumnos-de-2o-de-primaria-de-la-escuela-garona-conocen-el-conselh-generau-daran","status":"publish","type":"post","link":"https:\/\/www.conselharan.org\/es\/alumnos-de-2o-de-primaria-de-la-escuela-garona-conocen-el-conselh-generau-daran\/","title":{"rendered":"Alumnos de 2\u00ba de Primaria de la Escuela Garona conocen el Conselh Generau d\u2019Aran"},"content":{"rendered":"<p>Vielha, 13 de diciembre de 2017.- 60 alumnos de 2\u00ba de Primaria de la Escuela Garona han visitado el Conselh Generau d\u2019Aran.<\/p>\n<p>Los ni\u00f1os y ni\u00f1as, acompa\u00f1ados de sus profesoras han sido recibidos por el vicesindic d\u2019Aran, <strong>Lu\u00eds Carlos Medina<\/strong>, que les ha hecho la explicaci\u00f3n sobre la historia, el funcionamiento y las funciones del Conselh Generau d\u2019Aran.<\/p>\n<p><a href=\"http:\/\/www.conselharan.org\/wp-content\/uploads\/2017\/12\/Visita-Escola-Garona.jpg\"><img loading=\"lazy\" decoding=\"async\" class=\"aligncenter size-large wp-image-20018\" src=\"http:\/\/www.conselharan.org\/wp-content\/uploads\/2017\/12\/Visita-Escola-Garona-1024x608.jpg\" alt=\"\" width=\"1024\" height=\"608\" srcset=\"https:\/\/www.conselharan.org\/wp-content\/uploads\/2017\/12\/Visita-Escola-Garona-1024x608.jpg 1024w, https:\/\/www.conselharan.org\/wp-content\/uploads\/2017\/12\/Visita-Escola-Garona-300x178.jpg 300w, https:\/\/www.conselharan.org\/wp-content\/uploads\/2017\/12\/Visita-Escola-Garona-768x456.jpg 768w\" sizes=\"(max-width: 1024px) 100vw, 1024px\" \/><\/a><\/p>\n<p>El vicesindic d\u2019Aran, ha respondido a multitud de preguntas que le han planteado los alumnos de la Escuela Garona sobre el Conselh Generau d\u2019Aran como m\u00e1xima instituci\u00f3n aranesa y las funciones que desarrolla en ense\u00f1anza, sanidad, turismo y medio natural, as\u00ed como tambi\u00e9n aspectos que interesan m\u00e1s a los ni\u00f1os y ni\u00f1as, como el funcionamiento de los Pompi\u00e8rs d\u2019Aran y la polic\u00eda, o sobre cu\u00e1l es el trabajo que desempe\u00f1a el sindic d\u2019Aran.<\/p>\n<p>Al finalizar la visita, Lu\u00eds Carlos Medina, ha obsequiado a cada uno de los escolares con dos cuentos editados por el Conselh Generau d\u2019Aran.<\/p>\n<p><a href=\"http:\/\/www.conselharan.org\/wp-content\/uploads\/2017\/12\/IMG_9435.jpg\"><img loading=\"lazy\" decoding=\"async\" class=\"aligncenter size-large wp-image-20019\" src=\"http:\/\/www.conselharan.org\/wp-content\/uploads\/2017\/12\/IMG_9435-1024x768.jpg\" alt=\"\" width=\"1024\" height=\"768\" srcset=\"https:\/\/www.conselharan.org\/wp-content\/uploads\/2017\/12\/IMG_9435-1024x768.jpg 1024w, https:\/\/www.conselharan.org\/wp-content\/uploads\/2017\/12\/IMG_9435-300x225.jpg 300w, https:\/\/www.conselharan.org\/wp-content\/uploads\/2017\/12\/IMG_9435-768x576.jpg 768w\" sizes=\"(max-width: 1024px) 100vw, 1024px\" \/><\/a><\/p>\n ","protected":false},"excerpt":{"rendered":"<p>Vielha, 13 de diciembre de 2017.- 60 alumnos de 2\u00ba de Primaria de la Escuela Garona han visitado el Conselh Generau d\u2019Aran. Los ni\u00f1os y ni\u00f1as, acompa\u00f1ados de sus profesoras han sido recibidos por el vicesindic d\u2019Aran, Lu\u00eds Carlos Medina, que les ha hecho la explicaci\u00f3n sobre la historia, el funcionamiento y las funciones del&#8230;<\/p>\n","protected":false},"author":2,"featured_media":20018,"comment_status":"closed","ping_status":"closed","sticky":false,"template":"","format":"standard","meta":{"footnotes":""},"categories":[52,37],"tags":[],"_links":{"self":[{"href":"https:\/\/www.conselharan.org\/es\/wp-json\/wp\/v2\/posts\/20021"}],"collection":[{"href":"https:\/\/www.conselharan.org\/es\/wp-json\/wp\/v2\/posts"}],"about":[{"href":"https:\/\/www.conselharan.org\/es\/wp-json\/wp\/v2\/types\/post"}],"author":[{"embeddable":true,"href":"https:\/\/www.conselharan.org\/es\/wp-json\/wp\/v2\/users\/2"}],"replies":[{"embeddable":true,"href":"https:\/\/www.conselharan.org\/es\/wp-json\/wp\/v2\/comments?post=20021"}],"version-history":[{"count":1,"href":"https:\/\/www.conselharan.org\/es\/wp-json\/wp\/v2\/posts\/20021\/revisions"}],"predecessor-version":[{"id":20022,"href":"https:\/\/www.conselharan.org\/es\/wp-json\/wp\/v2\/posts\/20021\/revisions\/20022"}],"wp:featuredmedia":[{"embeddable":true,"href":"https:\/\/www.conselharan.org\/es\/wp-json\/wp\/v2\/media\/20018"}],"wp:attachment":[{"href":"https:\/\/www.conselharan.org\/es\/wp-json\/wp\/v2\/media?parent=20021"}],"wp:term":[{"taxonomy":"category","embeddable":true,"href":"https:\/\/www.conselharan.org\/es\/wp-json\/wp\/v2\/categories?post=20021"},{"taxonomy":"post_tag","embeddable":true,"href":"https:\/\/www.conselharan.org\/es\/wp-json\/wp\/v2\/tags?post=20021"}],"curies":[{"name":"wp","href":"https:\/\/api.w.org\/{rel}","templated":true}]}}