{"id":20131,"date":"2017-12-22T15:15:42","date_gmt":"2017-12-22T14:15:42","guid":{"rendered":"http:\/\/www.conselharan.org\/?p=20131"},"modified":"2017-12-22T15:15:42","modified_gmt":"2017-12-22T14:15:42","slug":"convenio-de-intercambio-de-datos-entre-el-conselh-generau-daran-y-la-confederacion-hidrografica-del-ebro","status":"publish","type":"post","link":"https:\/\/www.conselharan.org\/es\/convenio-de-intercambio-de-datos-entre-el-conselh-generau-daran-y-la-confederacion-hidrografica-del-ebro\/","title":{"rendered":"Convenio de intercambio de datos entre el Conselh Generau d\u2019Aran y la Confederaci\u00f3n Hidrogr\u00e1fica del Ebro"},"content":{"rendered":"<p>Vielha, 22 de diciembre de 2017.- El <strong>Conselh Generau d\u2019Aran<\/strong> y la <strong>Confederaci\u00f3n Hidrogr\u00e1fica del Ebro (CHE)<\/strong> han firmado un convenio de colaboraci\u00f3n para intercambiar datos de la cuenca del r\u00edo Garona.<\/p>\n<p><a href=\"http:\/\/www.conselharan.org\/wp-content\/uploads\/2017\/12\/conselh-Che-Smarty.jpg\"><img loading=\"lazy\" decoding=\"async\" class=\"aligncenter size-large wp-image-20129\" src=\"http:\/\/www.conselharan.org\/wp-content\/uploads\/2017\/12\/conselh-Che-Smarty-1024x576.jpg\" alt=\"\" width=\"1024\" height=\"576\" srcset=\"https:\/\/www.conselharan.org\/wp-content\/uploads\/2017\/12\/conselh-Che-Smarty-1024x576.jpg 1024w, https:\/\/www.conselharan.org\/wp-content\/uploads\/2017\/12\/conselh-Che-Smarty-300x169.jpg 300w, https:\/\/www.conselharan.org\/wp-content\/uploads\/2017\/12\/conselh-Che-Smarty-768x432.jpg 768w, https:\/\/www.conselharan.org\/wp-content\/uploads\/2017\/12\/conselh-Che-Smarty.jpg 1920w\" sizes=\"(max-width: 1024px) 100vw, 1024px\" \/><\/a><\/p>\n<p>El convenio firmado por el sindic d\u2019Aran, <strong>Carlos Barrera<\/strong> y por el presidente de la CHE, <strong>Raimundo Lafuente<\/strong>, obedece a la necesidad de intercambiar datos entre ambas instituciones a ra\u00edz de la experiencia del gran episodio de inundaciones del mes de junio del a\u00f1o 2013 en el Valle de Aran.<\/p>\n<p>La experiencia de 2013 puso en evidencia la necesidad de intercambiar y complementar los datos hidrometeorol\u00f3gicos, generados por el conjunto de los agentes presentes en la cuenca del r\u00edo Garona, con el objetivo de dar una mejor respuesta ante episodios extraordinarios de precipitaci\u00f3n o aumento de caudales en la cabecera de la cuenca.<\/p>\n<p>El convenio tendr\u00e1 una vigencia de 4 a\u00f1os, prorrogable por cuatro a\u00f1os m\u00e1s, per\u00edodo que debe permitir realizar los ensayos, pruebas o pr\u00e1cticas con una vida \u00fatil bastante amplia con el fin de que los resultados obtenidos sean m\u00e1s fiables y los ensayos a largo plazo .<\/p>\n<p>En la implementaci\u00f3n del convenio participa la empresa aranesa <strong>Arantec Enginnering<\/strong>, que har\u00e1 posible a nivel t\u00e9cnico el intercambio bidireccional de los datos. Arantec Enginnering, mediante las estaciones Smarty Planet, es la responsable de la instalaci\u00f3n, funcionamiento y mantenimiento de las 15 estaciones hidrometeorol\u00f3gicas del Conselh Generau d\u2019Aran en la Val d&#8217;Aran y tambi\u00e9n trabaja habitualmente con la Confederaci\u00f3n Hidrogr\u00e1fica del Ebro .<\/p>\n<p>Gracias a la nueva tipolog\u00eda de las estaciones, actualmente se puede contar con m\u00e1s cantidad de datos, sobre todo en cuencas peque\u00f1as y en las cabeceras de los r\u00edos.<\/p>\n<p>Los par\u00e1metros que se miden son el nivel de los r\u00edos, los caudales, la intensidad de la lluvia, la temperatura y la humedad. La funci\u00f3n principal para medir estos par\u00e1metros y la obtenci\u00f3n de datos, es poder generar avisos y alertas en caso de peligro de inundaciones.<\/p>\n<p>Las estaciones hidrometeorol\u00f3gicas del Conselh General d\u2019Aran est\u00e1n ubicadas en Aiguam\u00f2g, Aub\u00e8rt, Betren, Escunhau, Joeu, Les, Pont d\u2019Arr\u00f3, Pont de Vielha, Pont deth Lop, Salient, Toran, Tred\u00f2s, Unhola, Valarties y Varrad\u00f2s.<\/p>\n<p>Las estaciones hidrom\u00e9tricas de la CHE estan en Boss\u00f2st, Valarties y Arties, y las pluviom\u00e9tricas en Pla de Beret y Arties.<\/p>\n<p><strong>Pompi\u00e8rs e Emerg\u00e9ncies d\u2019Aran SL<\/strong>, que ejerce las competencias de la gesti\u00f3n de los servicios de emergencias y protecci\u00f3n civil en el Valle de Aran, dispondr\u00e1 de todos los datos que ser\u00e1n utilizados para la planificaci\u00f3n de las emergencias, avisos a las autoridades y a la poblaci\u00f3n, as\u00ed como en la programaci\u00f3n e implantaci\u00f3n de los recursos operativos.<\/p>\n<p>La frecuencia de adquisici\u00f3n de datos ser\u00e1 cada 15 minutos durante las 24 horas del d\u00eda.<\/p>\n<p>&nbsp;<\/p>\n ","protected":false},"excerpt":{"rendered":"<p>Vielha, 22 de diciembre de 2017.- El Conselh Generau d\u2019Aran y la Confederaci\u00f3n Hidrogr\u00e1fica del Ebro (CHE) han firmado un convenio de colaboraci\u00f3n para intercambiar datos de la cuenca del r\u00edo Garona. El convenio firmado por el sindic d\u2019Aran, Carlos Barrera y por el presidente de la CHE, Raimundo Lafuente, obedece a la necesidad de&#8230;<\/p>\n","protected":false},"author":2,"featured_media":20129,"comment_status":"closed","ping_status":"closed","sticky":false,"template":"","format":"standard","meta":{"footnotes":""},"categories":[52],"tags":[],"_links":{"self":[{"href":"https:\/\/www.conselharan.org\/es\/wp-json\/wp\/v2\/posts\/20131"}],"collection":[{"href":"https:\/\/www.conselharan.org\/es\/wp-json\/wp\/v2\/posts"}],"about":[{"href":"https:\/\/www.conselharan.org\/es\/wp-json\/wp\/v2\/types\/post"}],"author":[{"embeddable":true,"href":"https:\/\/www.conselharan.org\/es\/wp-json\/wp\/v2\/users\/2"}],"replies":[{"embeddable":true,"href":"https:\/\/www.conselharan.org\/es\/wp-json\/wp\/v2\/comments?post=20131"}],"version-history":[{"count":1,"href":"https:\/\/www.conselharan.org\/es\/wp-json\/wp\/v2\/posts\/20131\/revisions"}],"predecessor-version":[{"id":20132,"href":"https:\/\/www.conselharan.org\/es\/wp-json\/wp\/v2\/posts\/20131\/revisions\/20132"}],"wp:featuredmedia":[{"embeddable":true,"href":"https:\/\/www.conselharan.org\/es\/wp-json\/wp\/v2\/media\/20129"}],"wp:attachment":[{"href":"https:\/\/www.conselharan.org\/es\/wp-json\/wp\/v2\/media?parent=20131"}],"wp:term":[{"taxonomy":"category","embeddable":true,"href":"https:\/\/www.conselharan.org\/es\/wp-json\/wp\/v2\/categories?post=20131"},{"taxonomy":"post_tag","embeddable":true,"href":"https:\/\/www.conselharan.org\/es\/wp-json\/wp\/v2\/tags?post=20131"}],"curies":[{"name":"wp","href":"https:\/\/api.w.org\/{rel}","templated":true}]}}