{"id":20245,"date":"2018-01-12T12:36:20","date_gmt":"2018-01-12T11:36:20","guid":{"rendered":"http:\/\/www.conselharan.org\/?p=20245"},"modified":"2018-01-12T12:36:20","modified_gmt":"2018-01-12T11:36:20","slug":"el-incendio-de-un-camion-de-transporte-de-gas-natural-corta-la-n-230-en-les","status":"publish","type":"post","link":"https:\/\/www.conselharan.org\/es\/el-incendio-de-un-camion-de-transporte-de-gas-natural-corta-la-n-230-en-les\/","title":{"rendered":"El incendio de un cami\u00f3n de transporte de gas natural corta la N-230 en Les"},"content":{"rendered":"<p>Vielha, 12 de enero de 2018.- El incendio se ha producido sobre las 9:00 horas a la altura de la rotonda de entrada a Les, cuando el cami\u00f3n que estaba estacionado desde ayer se ha incendiado a causa de una fuga de gas en la cisterna. El incendio se ha iniciado en las v\u00e1lvulas del cami\u00f3n y ha afectado a la parte exterior debajo de la cabina y la mitad de la cisterna.<\/p>\n<p><a href=\"http:\/\/www.conselharan.org\/wp-content\/uploads\/2018\/01\/IMG_4511.jpg\"><img loading=\"lazy\" decoding=\"async\" class=\"aligncenter size-large wp-image-20243\" src=\"http:\/\/www.conselharan.org\/wp-content\/uploads\/2018\/01\/IMG_4511-1024x768.jpg\" alt=\"\" width=\"1024\" height=\"768\" srcset=\"https:\/\/www.conselharan.org\/wp-content\/uploads\/2018\/01\/IMG_4511-1024x768.jpg 1024w, https:\/\/www.conselharan.org\/wp-content\/uploads\/2018\/01\/IMG_4511-300x225.jpg 300w, https:\/\/www.conselharan.org\/wp-content\/uploads\/2018\/01\/IMG_4511-768x576.jpg 768w\" sizes=\"(max-width: 1024px) 100vw, 1024px\" \/><\/a><\/p>\n<p>El cami\u00f3n ten\u00eda previsto descargar el gas natural de la cisterna en el dep\u00f3sito de la piscifactor\u00eda de Les.<\/p>\n<p>Protecci\u00f3n Civil ha activado el Plan Transcat por el incendio del cami\u00f3n de gas natural. Se ha activado la sirena de aviso a la poblaci\u00f3n y a petici\u00f3n del ayuntamiento se ha pedido el confinamiento de la poblaci\u00f3n por riesgo qu\u00edmico. Los alumnos de la escuela han sido trasladados al ayuntamiento de Les.<\/p>\n<p>En la extinci\u00f3n han trabajado dotaciones de Pompi\u00e8rs d\u2019Aran de los parques de Les, Boss\u00f2st y Vielha, junto con los servicios de emergencias y de Mossos d\u2019Esquadra.<\/p>\n<p>El fuego del cami\u00f3n ha sido extinguido, aunque mientras contin\u00fae la presi\u00f3n y la fuga de gas se mantendr\u00e1 activado el Plan Transcat a la espera de la llegada de especialistas de Bombers de la Generalitat de Catalu\u00f1a.<\/p>\n ","protected":false},"excerpt":{"rendered":"<p>Vielha, 12 de enero de 2018.- El incendio se ha producido sobre las 9:00 horas a la altura de la rotonda de entrada a Les, cuando el cami\u00f3n que estaba estacionado desde ayer se ha incendiado a causa de una fuga de gas en la cisterna. El incendio se ha iniciado en las v\u00e1lvulas del&#8230;<\/p>\n","protected":false},"author":2,"featured_media":20243,"comment_status":"closed","ping_status":"closed","sticky":false,"template":"","format":"standard","meta":{"footnotes":""},"categories":[52,37],"tags":[],"_links":{"self":[{"href":"https:\/\/www.conselharan.org\/es\/wp-json\/wp\/v2\/posts\/20245"}],"collection":[{"href":"https:\/\/www.conselharan.org\/es\/wp-json\/wp\/v2\/posts"}],"about":[{"href":"https:\/\/www.conselharan.org\/es\/wp-json\/wp\/v2\/types\/post"}],"author":[{"embeddable":true,"href":"https:\/\/www.conselharan.org\/es\/wp-json\/wp\/v2\/users\/2"}],"replies":[{"embeddable":true,"href":"https:\/\/www.conselharan.org\/es\/wp-json\/wp\/v2\/comments?post=20245"}],"version-history":[{"count":1,"href":"https:\/\/www.conselharan.org\/es\/wp-json\/wp\/v2\/posts\/20245\/revisions"}],"predecessor-version":[{"id":20246,"href":"https:\/\/www.conselharan.org\/es\/wp-json\/wp\/v2\/posts\/20245\/revisions\/20246"}],"wp:featuredmedia":[{"embeddable":true,"href":"https:\/\/www.conselharan.org\/es\/wp-json\/wp\/v2\/media\/20243"}],"wp:attachment":[{"href":"https:\/\/www.conselharan.org\/es\/wp-json\/wp\/v2\/media?parent=20245"}],"wp:term":[{"taxonomy":"category","embeddable":true,"href":"https:\/\/www.conselharan.org\/es\/wp-json\/wp\/v2\/categories?post=20245"},{"taxonomy":"post_tag","embeddable":true,"href":"https:\/\/www.conselharan.org\/es\/wp-json\/wp\/v2\/tags?post=20245"}],"curies":[{"name":"wp","href":"https:\/\/api.w.org\/{rel}","templated":true}]}}