{"id":20344,"date":"2018-01-18T18:30:01","date_gmt":"2018-01-18T17:30:01","guid":{"rendered":"http:\/\/www.conselharan.org\/?p=20344"},"modified":"2018-01-18T18:30:01","modified_gmt":"2018-01-18T17:30:01","slug":"el-valle-de-aran-presenta-su-oferta-turistica-en-fitur-2018","status":"publish","type":"post","link":"https:\/\/www.conselharan.org\/es\/el-valle-de-aran-presenta-su-oferta-turistica-en-fitur-2018\/","title":{"rendered":"El Valle de Aran presenta su oferta tur\u00edstica en FITUR 2018"},"content":{"rendered":"<p>Vielha, 18 de enero de 2018.- desde ayer y hasta el d\u00eda 21 de enero la Val d\u2019Aran presenta su oferta tur\u00edstica en la 38\u00aa edici\u00f3n de la feria internacional del turismo FITUR, el punto de encuentro global para los profesionales del turismo y la feria l\u00edder para los mercados receptivos y emisores.<\/p>\n<p><a href=\"http:\/\/www.conselharan.org\/wp-content\/uploads\/2018\/01\/WhatsApp-Image-2018-01-17-at-15.20.16.jpeg\"><img loading=\"lazy\" decoding=\"async\" class=\"aligncenter size-large wp-image-20342\" src=\"http:\/\/www.conselharan.org\/wp-content\/uploads\/2018\/01\/WhatsApp-Image-2018-01-17-at-15.20.16-1024x768.jpeg\" alt=\"\" width=\"1024\" height=\"768\" srcset=\"https:\/\/www.conselharan.org\/wp-content\/uploads\/2018\/01\/WhatsApp-Image-2018-01-17-at-15.20.16.jpeg 1024w, https:\/\/www.conselharan.org\/wp-content\/uploads\/2018\/01\/WhatsApp-Image-2018-01-17-at-15.20.16-300x225.jpeg 300w, https:\/\/www.conselharan.org\/wp-content\/uploads\/2018\/01\/WhatsApp-Image-2018-01-17-at-15.20.16-768x576.jpeg 768w\" sizes=\"(max-width: 1024px) 100vw, 1024px\" \/><\/a><\/p>\n<p>El Valle de Ar\u00e1n participa en la feria en el stand de Catalunya de la Agencia Catalana de Turismo.<\/p>\n<p><strong>El Parlamento Europeo ha declarado 2018 como A\u00f1o Europeo del Patrimonio Cultural<\/strong>. Aprovechando la centralidad que la cultura tiene este 2018 para declarar el A\u00f1o del Turismo Cultural 2018, con el reto de propiciar que el turismo ponga en valor la cultura y el patrimonio cultural, tanto material como inmaterial, la Val d&#8217;Aran y la Agencia Catalana de Turismo quieren potenciar al m\u00e1ximo la singularidad de la cultura para atraer turismo familiar, de aventura o de negocios.<\/p>\n<p>La consejera de Turismo, <strong>Anna D\u00edaz<\/strong>, explic\u00f3 que como novedades de la Val d&#8217;Aran en FITUR 2018 se presentar\u00e1 el nuevo Centro de Interpretaci\u00f3n de la Naturaleza que junto con el Refugio de la Artiga de Lin, reforzar\u00e1n este lugar emblem\u00e1tico del Valle de Aran con la naturaleza como principal reclamo tur\u00edstico, y tambi\u00e9n el Centro de Interpretaci\u00f3n de las Fiestas del Fuego en Les, en el que se est\u00e1 trabajando para poder tenerlo listo para San Juan.<\/p>\n<p>Anna D\u00edaz, destac\u00f3 una vez m\u00e1s que \u00abcon la implantaci\u00f3n del Sistema de Turismo Responsable y la obtenci\u00f3n del certificado Biosphere, el Valle de Aran contin\u00faa avanzando hacia un nuevo modelo de desarrollo tur\u00edstico basado en los principios de la sostenibilidad, la diversidad cultural y la responsabilidad social, lo que contribuye a que la Val d\u2019Aran sea un destino tur\u00edstico basado en el respeto y la promoci\u00f3n de su rico patrimonio y de su cultura junto con el medio ambiente y la responsabilidad \u00ab.<\/p>\n ","protected":false},"excerpt":{"rendered":"<p>Vielha, 18 de enero de 2018.- desde ayer y hasta el d\u00eda 21 de enero la Val d\u2019Aran presenta su oferta tur\u00edstica en la 38\u00aa edici\u00f3n de la feria internacional del turismo FITUR, el punto de encuentro global para los profesionales del turismo y la feria l\u00edder para los mercados receptivos y emisores. El Valle&#8230;<\/p>\n","protected":false},"author":2,"featured_media":20342,"comment_status":"closed","ping_status":"closed","sticky":false,"template":"","format":"standard","meta":{"footnotes":""},"categories":[37,137],"tags":[],"_links":{"self":[{"href":"https:\/\/www.conselharan.org\/es\/wp-json\/wp\/v2\/posts\/20344"}],"collection":[{"href":"https:\/\/www.conselharan.org\/es\/wp-json\/wp\/v2\/posts"}],"about":[{"href":"https:\/\/www.conselharan.org\/es\/wp-json\/wp\/v2\/types\/post"}],"author":[{"embeddable":true,"href":"https:\/\/www.conselharan.org\/es\/wp-json\/wp\/v2\/users\/2"}],"replies":[{"embeddable":true,"href":"https:\/\/www.conselharan.org\/es\/wp-json\/wp\/v2\/comments?post=20344"}],"version-history":[{"count":1,"href":"https:\/\/www.conselharan.org\/es\/wp-json\/wp\/v2\/posts\/20344\/revisions"}],"predecessor-version":[{"id":20345,"href":"https:\/\/www.conselharan.org\/es\/wp-json\/wp\/v2\/posts\/20344\/revisions\/20345"}],"wp:featuredmedia":[{"embeddable":true,"href":"https:\/\/www.conselharan.org\/es\/wp-json\/wp\/v2\/media\/20342"}],"wp:attachment":[{"href":"https:\/\/www.conselharan.org\/es\/wp-json\/wp\/v2\/media?parent=20344"}],"wp:term":[{"taxonomy":"category","embeddable":true,"href":"https:\/\/www.conselharan.org\/es\/wp-json\/wp\/v2\/categories?post=20344"},{"taxonomy":"post_tag","embeddable":true,"href":"https:\/\/www.conselharan.org\/es\/wp-json\/wp\/v2\/tags?post=20344"}],"curies":[{"name":"wp","href":"https:\/\/api.w.org\/{rel}","templated":true}]}}