{"id":20565,"date":"2018-02-04T18:48:28","date_gmt":"2018-02-04T17:48:28","guid":{"rendered":"http:\/\/www.conselharan.org\/?p=20565"},"modified":"2018-02-04T18:48:28","modified_gmt":"2018-02-04T17:48:28","slug":"850-fondistas-de-todas-las-edades-en-una-gran-edicion-de-la-39a-marxa-beret","status":"publish","type":"post","link":"https:\/\/www.conselharan.org\/es\/850-fondistas-de-todas-las-edades-en-una-gran-edicion-de-la-39a-marxa-beret\/","title":{"rendered":"850 fondistas de todas las edades en una gran edici\u00f3n de la 39a Marxa Beret"},"content":{"rendered":"<p><strong>150 participantes internacionales procedentes de Noruega, Suecia, Finlandia, Suiza, Francia e Italia han competido junto al resto de competidores hoy en Beret<\/strong><\/p>\n<p><strong>El s\u00e1bado se disput\u00f3 el Sprint Salomon prueba de exhibici\u00f3n en la que participaron 36<\/strong> <strong>corredores de \u00e9lite con el objetivo de dar a conocer este deporte<\/strong><\/p>\n<p><a href=\"http:\/\/www.conselharan.org\/wp-content\/uploads\/2018\/02\/20180204_GKMPH_0233.jpg\"><img loading=\"lazy\" decoding=\"async\" class=\"aligncenter size-large wp-image-20556\" src=\"http:\/\/www.conselharan.org\/wp-content\/uploads\/2018\/02\/20180204_GKMPH_0233-1024x683.jpg\" alt=\"\" width=\"1024\" height=\"683\" srcset=\"https:\/\/www.conselharan.org\/wp-content\/uploads\/2018\/02\/20180204_GKMPH_0233-1024x683.jpg 1024w, https:\/\/www.conselharan.org\/wp-content\/uploads\/2018\/02\/20180204_GKMPH_0233-300x200.jpg 300w, https:\/\/www.conselharan.org\/wp-content\/uploads\/2018\/02\/20180204_GKMPH_0233-768x512.jpg 768w\" sizes=\"(max-width: 1024px) 100vw, 1024px\" \/><\/a><\/p>\n<p>Vielha, 4 de febrero de 2018.- <strong>850 fondistas de todas las edades<\/strong>, de los cuales <strong>150 competidores internacionales procedentes de pa\u00edses como Noruega, Suecia, Finlandia, Suiza, Francia e Italia<\/strong>, han participado hoy domingo 4 de febrero de 2018 en la <strong>39a edici\u00f3n de la Marxa Beret<\/strong>, la prueba decana del esqu\u00ed de fondo en Espa\u00f1a, inscrita en el <strong>circuito de Marchas Populares (Popular Cross-Country Race) del calendario FIS (Federaci\u00f3n Internacional de Esqu\u00ed) y puntuable para el circuito de Copa Espa\u00f1a del calendario de la Real Federaci\u00f3n Espa\u00f1ola de Deportes de Invierno (RFEDI) y para el circuito de Copa Catalana<\/strong>.<\/p>\n<p>La meteorolog\u00eda ha respetado durante casi la totalidad de la prueba a los fondistas que han disputado la 39\u00aa Marxa Beret en un circuito con condiciones \u00f3ptimas para el esqu\u00ed de fondo gracias al trabajo de los organizadores que desde primera hora de la ma\u00f1ana han trabajado para volver a marcar el circuito despu\u00e9s de la reciente nevada ca\u00edda ayer en el Valle de Aran.<\/p>\n<p>La Marxa Beret, se ha disputado en un circuito de 10 km en la zona de Beret y Orri; el de 21 km en la zona de Beret, Orri y Montgarri y finalmente el circuito de 42 km en la zona de Beret, Orri, Montgarri y direcci\u00f3n Marimanha, gracias a la cantidad de nieve en Baqueira Beret.<\/p>\n<p>El vicesindic d\u2019Aran y director de la Marxa Beret, <strong>Lu\u00eds Carlos Medina<\/strong>, ha querido destacar \u201cel trabajo realizado por el equipo de organizaci\u00f3n de la Marxa Beret, de todos los colaboradores que la hacen posible a\u00f1o tras a\u00f1o, y ya son 39, y en especial el trabajo de los Voluntarios de Aran y del IES de Aran, que ha contribuido con alumnos de los ciclos formativos en los controles t\u00e9cnicos del circuito, tambi\u00e9n a Era Escola, sin olvidar a las federaciones y patrocinadores de la Marxa\u201c. Medina, se\u00f1al\u00f3 el car\u00e1cter festivo y familiar de la 39a edici\u00f3n de la Marxa Beret, que ha definido como \u201cLa gran fiesta del esqu\u00ed de fondo en el Valle de Aran\u201d.<\/p>\n<p>Lu\u00eds Carlos Medina, ha querido resaltar el gran papel de los j\u00f3venes fondistas araneses, con <strong>Marta Cester<\/strong> a la cabeza, ganadora de la clasificaci\u00f3n femenina en los 42 km, distancia en la que compet\u00eda por primera vez, y el quinto puesto conseguido por <strong>Rub\u00e9n<\/strong> <strong>Caseny<\/strong> en la misma distancia de la clasificaci\u00f3n masculina.<\/p>\n<p>El vicesincic d\u2019Aran, ha explicado que \u201cdesde ma\u00f1ana mismo ya empezamos a trabajar en la edici\u00f3n n\u00famero 40a de la Marxa Beret que ser\u00e1 una de las m\u00e1s importantes ediciones de la hist\u00f3ria, y en la que invitamos a participar a todos los amantes del esqu\u00ed de fondo\u201d.<\/p>\n<p>La Marxa Beret est\u00e1 organizada por el <strong>Conselh Generau d\u2019Aran<\/strong>, <strong>Baqueira Beret<\/strong> y el <strong>Ayuntamiento de Naut Aran.<\/strong> Cuenta con la colaboraci\u00f3n de: Asociaci\u00f3n Volentaris d\u2019Aran, Foment Torisme Val d\u2019Aran, Diputaci\u00f3n de Lleida, Pompi\u00e8rs d\u2019Aran, Aran Salud, Mossos d\u2019Esquadra, INS d\u2019Aran, adem\u00e1s de la Real Federaci\u00f3n Espa\u00f1ola de Deportes de Invierno (RFEDI), la Federaci\u00f3n Catalana de Deportes de Invierno (FCEH), la secretaria general de l\u2019Esport de la Generalitat y los diferentes patrocinadores.<\/p>\n<p><a href=\"http:\/\/www.conselharan.org\/wp-content\/uploads\/2018\/02\/20180204_GKMPH_0608.jpg\"><img loading=\"lazy\" decoding=\"async\" class=\"aligncenter size-large wp-image-20562\" src=\"http:\/\/www.conselharan.org\/wp-content\/uploads\/2018\/02\/20180204_GKMPH_0608-1024x683.jpg\" alt=\"\" width=\"1024\" height=\"683\" srcset=\"https:\/\/www.conselharan.org\/wp-content\/uploads\/2018\/02\/20180204_GKMPH_0608-1024x683.jpg 1024w, https:\/\/www.conselharan.org\/wp-content\/uploads\/2018\/02\/20180204_GKMPH_0608-300x200.jpg 300w, https:\/\/www.conselharan.org\/wp-content\/uploads\/2018\/02\/20180204_GKMPH_0608-768x512.jpg 768w\" sizes=\"(max-width: 1024px) 100vw, 1024px\" \/><\/a> <a href=\"http:\/\/www.conselharan.org\/wp-content\/uploads\/2018\/02\/20180204_GKMPH_0985.jpg\"><img loading=\"lazy\" decoding=\"async\" class=\"aligncenter size-large wp-image-20561\" src=\"http:\/\/www.conselharan.org\/wp-content\/uploads\/2018\/02\/20180204_GKMPH_0985-1024x683.jpg\" alt=\"\" width=\"1024\" height=\"683\" srcset=\"https:\/\/www.conselharan.org\/wp-content\/uploads\/2018\/02\/20180204_GKMPH_0985-1024x683.jpg 1024w, https:\/\/www.conselharan.org\/wp-content\/uploads\/2018\/02\/20180204_GKMPH_0985-300x200.jpg 300w, https:\/\/www.conselharan.org\/wp-content\/uploads\/2018\/02\/20180204_GKMPH_0985-768x512.jpg 768w\" sizes=\"(max-width: 1024px) 100vw, 1024px\" \/><\/a> <a href=\"http:\/\/www.conselharan.org\/wp-content\/uploads\/2018\/02\/20180204_GKMPH_0993.jpg\"><img loading=\"lazy\" decoding=\"async\" class=\"aligncenter size-large wp-image-20560\" src=\"http:\/\/www.conselharan.org\/wp-content\/uploads\/2018\/02\/20180204_GKMPH_0993-1024x683.jpg\" alt=\"\" width=\"1024\" height=\"683\" srcset=\"https:\/\/www.conselharan.org\/wp-content\/uploads\/2018\/02\/20180204_GKMPH_0993-1024x683.jpg 1024w, https:\/\/www.conselharan.org\/wp-content\/uploads\/2018\/02\/20180204_GKMPH_0993-300x200.jpg 300w, https:\/\/www.conselharan.org\/wp-content\/uploads\/2018\/02\/20180204_GKMPH_0993-768x512.jpg 768w\" sizes=\"(max-width: 1024px) 100vw, 1024px\" \/><\/a> <a href=\"http:\/\/www.conselharan.org\/wp-content\/uploads\/2018\/02\/20180204_GKMPH_1006.jpg\"><img loading=\"lazy\" decoding=\"async\" class=\"aligncenter size-large wp-image-20559\" src=\"http:\/\/www.conselharan.org\/wp-content\/uploads\/2018\/02\/20180204_GKMPH_1006-1024x683.jpg\" alt=\"\" width=\"1024\" height=\"683\" srcset=\"https:\/\/www.conselharan.org\/wp-content\/uploads\/2018\/02\/20180204_GKMPH_1006-1024x683.jpg 1024w, https:\/\/www.conselharan.org\/wp-content\/uploads\/2018\/02\/20180204_GKMPH_1006-300x200.jpg 300w, https:\/\/www.conselharan.org\/wp-content\/uploads\/2018\/02\/20180204_GKMPH_1006-768x512.jpg 768w\" sizes=\"(max-width: 1024px) 100vw, 1024px\" \/><\/a> <a href=\"http:\/\/www.conselharan.org\/wp-content\/uploads\/2018\/02\/20180204_GKMPH_1025.jpg\"><img loading=\"lazy\" decoding=\"async\" class=\"aligncenter size-large wp-image-20558\" src=\"http:\/\/www.conselharan.org\/wp-content\/uploads\/2018\/02\/20180204_GKMPH_1025-1024x683.jpg\" alt=\"\" width=\"1024\" height=\"683\" srcset=\"https:\/\/www.conselharan.org\/wp-content\/uploads\/2018\/02\/20180204_GKMPH_1025-1024x683.jpg 1024w, https:\/\/www.conselharan.org\/wp-content\/uploads\/2018\/02\/20180204_GKMPH_1025-300x200.jpg 300w, https:\/\/www.conselharan.org\/wp-content\/uploads\/2018\/02\/20180204_GKMPH_1025-768x512.jpg 768w\" sizes=\"(max-width: 1024px) 100vw, 1024px\" \/><\/a> <a href=\"http:\/\/www.conselharan.org\/wp-content\/uploads\/2018\/02\/20180204_GKMPH_1062.jpg\"><img loading=\"lazy\" decoding=\"async\" class=\"aligncenter size-large wp-image-20557\" src=\"http:\/\/www.conselharan.org\/wp-content\/uploads\/2018\/02\/20180204_GKMPH_1062-1024x683.jpg\" alt=\"\" width=\"1024\" height=\"683\" srcset=\"https:\/\/www.conselharan.org\/wp-content\/uploads\/2018\/02\/20180204_GKMPH_1062-1024x683.jpg 1024w, https:\/\/www.conselharan.org\/wp-content\/uploads\/2018\/02\/20180204_GKMPH_1062-300x200.jpg 300w, https:\/\/www.conselharan.org\/wp-content\/uploads\/2018\/02\/20180204_GKMPH_1062-768x512.jpg 768w\" sizes=\"(max-width: 1024px) 100vw, 1024px\" \/><\/a><\/p>\n<p><strong>Resultados de la 39\u00aa Marxa Beret <\/strong><\/p>\n<p><strong>Marxa Beret 10Km \u2013 Clasificaci\u00f3n Femenina<\/strong><\/p>\n<ol>\n<li><strong>Maria Sell\u00e9s Gasch<\/strong><\/li>\n<li>Jessica Mur Plana<\/li>\n<li>Irati Cuadrado Noain<\/li>\n<li>Marta Moreno Ramos<\/li>\n<li>Alejandra Ara Palacio<\/li>\n<\/ol>\n<p>&nbsp;<\/p>\n<p><strong>Marxa Beret 10Km \u2013 Clasificaci\u00f3n Masculina<\/strong><\/p>\n<ol>\n<li><strong>Jaume Pueyo Repullo<\/strong><\/li>\n<li>Gerard Palomo Vicente<\/li>\n<li>Mikel Plazas Iriberri<\/li>\n<li>Miquel Auladell Visa<\/li>\n<li>Cesc Colell Pantebre<\/li>\n<\/ol>\n<p>&nbsp;<\/p>\n<p><strong>\u00a0<\/strong><\/p>\n<p><strong>Marxa Beret 21Km \u2013 Clasificaci\u00f3n Femenina<\/strong><\/p>\n<ol>\n<li><strong>Maialen L\u00f3pez I\u00f1arra<\/strong><\/li>\n<li>Kristin Roset<\/li>\n<li>Elisa Hern\u00e1ndez Ju\u00e1rez<\/li>\n<li>Mireia Comellas Sol\u00e9<\/li>\n<li>Aloma Combalia Claverias<\/li>\n<\/ol>\n<p>&nbsp;<\/p>\n<p><strong>Marxa Beret 21Km \u2013 Clasificaci\u00f3n Masculina<\/strong><\/p>\n<ol>\n<li><strong>Gral Sell\u00e9s Bancells <\/strong><\/li>\n<li>Lucas Marcen Inca<\/li>\n<li>S\u00e9bastien Capu<\/li>\n<li>Guillem S\u00e1nchez Molin\u00e9<\/li>\n<li>Unai Palacios Llorens<\/li>\n<\/ol>\n<p>&nbsp;<\/p>\n<p><strong>Marxa Beret 42Km \u2013 Clasificaci\u00f3n Femenina<\/strong><\/p>\n<ol>\n<li><strong>Marta Cester Farr\u00e9<\/strong><\/li>\n<li>Marielle Bigot<\/li>\n<li>Cynthia Mart\u00ednez Ibero<\/li>\n<li>Bjorg Guri Kildahl<\/li>\n<li>Eva Nilsen<\/li>\n<\/ol>\n<p>&nbsp;<\/p>\n<p>&nbsp;<\/p>\n<p><strong>Marxa Beret 42Km \u2013 Clasificaci\u00f3n Masculina<\/strong><\/p>\n<ol>\n<li><strong>Sadurn\u00ed Betriu Boix<\/strong><\/li>\n<li>Diego Ru\u00edz As\u00edn<\/li>\n<li>Xabier Mac\u00edas Cipriain<\/li>\n<li>Carlos Lannes Fern\u00e1ndez<\/li>\n<li>Rub\u00e9n Caseny Catal\u00e0<\/li>\n<\/ol>\n<p>&nbsp;<\/p>\n<p><strong>Ganadores del Sprint Salomon de la 39a Marxa Beret <\/strong><\/p>\n<p><strong>Clasificaci\u00f3 Femenina<\/strong><\/p>\n<ol>\n<li><strong>Marta Cester<\/strong><\/li>\n<li>Jessica Mur<\/li>\n<li>Irati Cuadrado<\/li>\n<li>Naia Saez<\/li>\n<\/ol>\n<p>&nbsp;<\/p>\n<p><strong>Clasificaci\u00f3n Masculina<\/strong><\/p>\n<ol>\n<li><strong>Adri\u00e1n Clavero<\/strong><\/li>\n<li>Gral Sell\u00e9s<\/li>\n<li>Xabier Mac\u00edas<\/li>\n<li>Nil Tossas<\/li>\n<\/ol>\n<p>&nbsp;<\/p>\n<p>&nbsp;<\/p>\n<p>&nbsp;<\/p>\n<p>&nbsp;<\/p>\n<p>&nbsp;<\/p>\n<p>&nbsp;<\/p>\n<p>&nbsp;<\/p>\n<p>&nbsp;<\/p>\n<p>&nbsp;<\/p>\n<p>&nbsp;<\/p>\n ","protected":false},"excerpt":{"rendered":"<p>150 participantes internacionales procedentes de Noruega, Suecia, Finlandia, Suiza, Francia e Italia han competido junto al resto de competidores hoy en Beret El s\u00e1bado se disput\u00f3 el Sprint Salomon prueba de exhibici\u00f3n en la que participaron 36 corredores de \u00e9lite con el objetivo de dar a conocer este deporte Vielha, 4 de febrero de 2018.-&#8230;<\/p>\n","protected":false},"author":2,"featured_media":20556,"comment_status":"closed","ping_status":"closed","sticky":false,"template":"","format":"standard","meta":{"footnotes":""},"categories":[135,34,37],"tags":[],"_links":{"self":[{"href":"https:\/\/www.conselharan.org\/es\/wp-json\/wp\/v2\/posts\/20565"}],"collection":[{"href":"https:\/\/www.conselharan.org\/es\/wp-json\/wp\/v2\/posts"}],"about":[{"href":"https:\/\/www.conselharan.org\/es\/wp-json\/wp\/v2\/types\/post"}],"author":[{"embeddable":true,"href":"https:\/\/www.conselharan.org\/es\/wp-json\/wp\/v2\/users\/2"}],"replies":[{"embeddable":true,"href":"https:\/\/www.conselharan.org\/es\/wp-json\/wp\/v2\/comments?post=20565"}],"version-history":[{"count":1,"href":"https:\/\/www.conselharan.org\/es\/wp-json\/wp\/v2\/posts\/20565\/revisions"}],"predecessor-version":[{"id":20566,"href":"https:\/\/www.conselharan.org\/es\/wp-json\/wp\/v2\/posts\/20565\/revisions\/20566"}],"wp:featuredmedia":[{"embeddable":true,"href":"https:\/\/www.conselharan.org\/es\/wp-json\/wp\/v2\/media\/20556"}],"wp:attachment":[{"href":"https:\/\/www.conselharan.org\/es\/wp-json\/wp\/v2\/media?parent=20565"}],"wp:term":[{"taxonomy":"category","embeddable":true,"href":"https:\/\/www.conselharan.org\/es\/wp-json\/wp\/v2\/categories?post=20565"},{"taxonomy":"post_tag","embeddable":true,"href":"https:\/\/www.conselharan.org\/es\/wp-json\/wp\/v2\/tags?post=20565"}],"curies":[{"name":"wp","href":"https:\/\/api.w.org\/{rel}","templated":true}]}}