{"id":20915,"date":"2018-03-07T13:47:05","date_gmt":"2018-03-07T12:47:05","guid":{"rendered":"http:\/\/www.conselharan.org\/?p=20915"},"modified":"2018-03-08T11:54:02","modified_gmt":"2018-03-08T10:54:02","slug":"estudiantes-de-arquitectura-de-la-uic-visitan-el-valle-de-aran","status":"publish","type":"post","link":"https:\/\/www.conselharan.org\/es\/estudiantes-de-arquitectura-de-la-uic-visitan-el-valle-de-aran\/","title":{"rendered":"Estudiantes de Arquitectura de la UIC visitan el Valle de Aran"},"content":{"rendered":"<p>Vielha, 6 de marzo de 2018.- Una veintena de estudiantes de Arquitectura de la Universidad Internacional de Catalunya (UIC), han visitado durante dos d\u00edas el Valle de Aran para conocer sobre el terreno el patrimonio natural y cultural de Valle de Aran.<\/p>\n<p><a href=\"http:\/\/www.conselharan.org\/wp-content\/uploads\/2018\/03\/Jep.jpeg\"><img loading=\"lazy\" decoding=\"async\" class=\"aligncenter size-large wp-image-20932\" src=\"http:\/\/www.conselharan.org\/wp-content\/uploads\/2018\/03\/Jep-1024x768.jpeg\" alt=\"\" width=\"1024\" height=\"768\" srcset=\"https:\/\/www.conselharan.org\/wp-content\/uploads\/2018\/03\/Jep-1024x768.jpeg 1024w, https:\/\/www.conselharan.org\/wp-content\/uploads\/2018\/03\/Jep-300x225.jpeg 300w, https:\/\/www.conselharan.org\/wp-content\/uploads\/2018\/03\/Jep-768x576.jpeg 768w, https:\/\/www.conselharan.org\/wp-content\/uploads\/2018\/03\/Jep.jpeg 1600w\" sizes=\"(max-width: 1024px) 100vw, 1024px\" \/><\/a><\/p>\n<p>&nbsp;<\/p>\n<p>La visita de estos estudiantes al Valle de Aran ha sido promovida por el Catedr\u00e1tico y Director de la Escuela Superior de Arquitectura de la Universidad Internacional de Catalunya, Dr<strong>. Josep Lluis y Ginovart<\/strong>,\u00a0y la profesora <strong>M\u00f3nica L\u00f3pez Piquer,<\/strong> en los que varios proyectos culturales y patrimoniales unen desde hace a\u00f1os con el Valle de Aran.<\/p>\n<p>El grupo de estudiantes lo integraban chicos y chicas de M\u00e9xico, Argentina, Colombia, Bolivia, Ecuador, Italia, Espa\u00f1a y Catalunya, que han aprovechado el fin de semana para visitar y dibujar diferentes lugares y elementos arquitect\u00f3nicos y patrimoniales del Bajo Aran, Vielha e Mijaran y Naut Aran, adem\u00e1s de seguir las explicaciones del Dr. Lluis y Ginovart y del asesor cultural del Conselh Generau, J\u00e8p de Montoya, que les han permitido conocer aspectos importantes de la historia, cultura, lengua e identidad aranesa.<\/p>\n<p>Esta primera toma de contacto de estos estudiantes con el patrimonio aran\u00e9s, sigue en la l\u00ednea de colaboraci\u00f3n entre la UIC y el Conselh Generau d\u2019Aran para dar a conocer y estudiar el patrimonio del pa\u00eds y tener suficiente documentaci\u00f3n para el elaboraci\u00f3n del expediente para que el Valle de Aran pueda aspirar a ser reconocida Patrimonio de la Humanidad por parte de la UNESCO.<\/p>\n<p>El grupo de estudiantes encabezado por el Dr. Lluis y Ginovart, fueron recibidos en el Conselh Generau d\u2019Aran por el sindic, <strong>Carlos Barrera<\/strong>, que los invit\u00f3 a continuar haciendo m\u00e1s visitas al Valle de Aran para conocer con detalle el patrimonio hist\u00f3rico cultural y qui\u00e9n sabe si para dar impulso a una futura Universidad de Verano.<\/p>\n<p><a href=\"http:\/\/www.conselharan.org\/wp-content\/uploads\/2018\/03\/WhatsApp-Image-2018-03-05-at-11.41.57.jpeg\"><img loading=\"lazy\" decoding=\"async\" class=\"aligncenter size-large wp-image-20912\" src=\"http:\/\/www.conselharan.org\/wp-content\/uploads\/2018\/03\/WhatsApp-Image-2018-03-05-at-11.41.57-1024x768.jpeg\" alt=\"\" width=\"1024\" height=\"768\" srcset=\"https:\/\/www.conselharan.org\/wp-content\/uploads\/2018\/03\/WhatsApp-Image-2018-03-05-at-11.41.57-1024x768.jpeg 1024w, https:\/\/www.conselharan.org\/wp-content\/uploads\/2018\/03\/WhatsApp-Image-2018-03-05-at-11.41.57-300x225.jpeg 300w, https:\/\/www.conselharan.org\/wp-content\/uploads\/2018\/03\/WhatsApp-Image-2018-03-05-at-11.41.57-768x576.jpeg 768w, https:\/\/www.conselharan.org\/wp-content\/uploads\/2018\/03\/WhatsApp-Image-2018-03-05-at-11.41.57.jpeg 1600w\" sizes=\"(max-width: 1024px) 100vw, 1024px\" \/><\/a><\/p>\n ","protected":false},"excerpt":{"rendered":"<p>Vielha, 6 de marzo de 2018.- Una veintena de estudiantes de Arquitectura de la Universidad Internacional de Catalunya (UIC), han visitado durante dos d\u00edas el Valle de Aran para conocer sobre el terreno el patrimonio natural y cultural de Valle de Aran. &nbsp; La visita de estos estudiantes al Valle de Aran ha sido promovida&#8230;<\/p>\n","protected":false},"author":2,"featured_media":20932,"comment_status":"closed","ping_status":"closed","sticky":false,"template":"","format":"standard","meta":{"footnotes":""},"categories":[34],"tags":[],"_links":{"self":[{"href":"https:\/\/www.conselharan.org\/es\/wp-json\/wp\/v2\/posts\/20915"}],"collection":[{"href":"https:\/\/www.conselharan.org\/es\/wp-json\/wp\/v2\/posts"}],"about":[{"href":"https:\/\/www.conselharan.org\/es\/wp-json\/wp\/v2\/types\/post"}],"author":[{"embeddable":true,"href":"https:\/\/www.conselharan.org\/es\/wp-json\/wp\/v2\/users\/2"}],"replies":[{"embeddable":true,"href":"https:\/\/www.conselharan.org\/es\/wp-json\/wp\/v2\/comments?post=20915"}],"version-history":[{"count":3,"href":"https:\/\/www.conselharan.org\/es\/wp-json\/wp\/v2\/posts\/20915\/revisions"}],"predecessor-version":[{"id":20935,"href":"https:\/\/www.conselharan.org\/es\/wp-json\/wp\/v2\/posts\/20915\/revisions\/20935"}],"wp:featuredmedia":[{"embeddable":true,"href":"https:\/\/www.conselharan.org\/es\/wp-json\/wp\/v2\/media\/20932"}],"wp:attachment":[{"href":"https:\/\/www.conselharan.org\/es\/wp-json\/wp\/v2\/media?parent=20915"}],"wp:term":[{"taxonomy":"category","embeddable":true,"href":"https:\/\/www.conselharan.org\/es\/wp-json\/wp\/v2\/categories?post=20915"},{"taxonomy":"post_tag","embeddable":true,"href":"https:\/\/www.conselharan.org\/es\/wp-json\/wp\/v2\/tags?post=20915"}],"curies":[{"name":"wp","href":"https:\/\/api.w.org\/{rel}","templated":true}]}}