{"id":20923,"date":"2018-03-07T17:55:27","date_gmt":"2018-03-07T16:55:27","guid":{"rendered":"http:\/\/www.conselharan.org\/?p=20923"},"modified":"2018-03-07T17:55:27","modified_gmt":"2018-03-07T16:55:27","slug":"la-acm-presenta-la-nueva-ley-de-contratos-en-el-valle-de-aran","status":"publish","type":"post","link":"https:\/\/www.conselharan.org\/es\/la-acm-presenta-la-nueva-ley-de-contratos-en-el-valle-de-aran\/","title":{"rendered":"La ACM presenta la nueva Ley de Contratos en el Valle de Aran"},"content":{"rendered":"<p>Vielha, 6 de marzo de 2018.- El Conselh Generau d\u2019Aran ha acogido una jornada organizada junto con la ACM (Asociaci\u00f3n de Municipios de Catalu\u00f1a) para explicar las novedades de la Ley de Contratos a cargos electos y t\u00e9cnicos y tambi\u00e9n para hacer difusi\u00f3n de los diferentes acuerdos marco de la Central de Compras del mundo local.<\/p>\n<p><a href=\"http:\/\/www.conselharan.org\/wp-content\/uploads\/2018\/03\/WhatsApp-Image-2018-03-07-at-17.41.111.jpeg\"><img loading=\"lazy\" decoding=\"async\" class=\"aligncenter size-large wp-image-20921\" src=\"http:\/\/www.conselharan.org\/wp-content\/uploads\/2018\/03\/WhatsApp-Image-2018-03-07-at-17.41.111-1024x768.jpeg\" alt=\"\" width=\"1024\" height=\"768\" srcset=\"https:\/\/www.conselharan.org\/wp-content\/uploads\/2018\/03\/WhatsApp-Image-2018-03-07-at-17.41.111-1024x768.jpeg 1024w, https:\/\/www.conselharan.org\/wp-content\/uploads\/2018\/03\/WhatsApp-Image-2018-03-07-at-17.41.111-300x225.jpeg 300w, https:\/\/www.conselharan.org\/wp-content\/uploads\/2018\/03\/WhatsApp-Image-2018-03-07-at-17.41.111-768x576.jpeg 768w, https:\/\/www.conselharan.org\/wp-content\/uploads\/2018\/03\/WhatsApp-Image-2018-03-07-at-17.41.111.jpeg 1600w\" sizes=\"(max-width: 1024px) 100vw, 1024px\" \/><\/a><\/p>\n<p>El pr\u00f3ximo 9 de marzo entrar\u00e1 en vigor la nueva Ley de Contratos del Sector P\u00fablico que supondr\u00e1 la aplicaci\u00f3n de nuevos procedimientos con respecto a la contrataci\u00f3n local. \u00abEsta ley supondr\u00e1 la entrada en vigor de un nuevo marco jur\u00eddico y por ello creemos que es b\u00e1sico e imprescindible que los electos y los t\u00e9cnicos locales tengan conocimiento de todos sus efectos\u00bb explic\u00f3 el Secretario General de la ACM, <strong>Marc Pifarr\u00e9<\/strong>. Motivo por el que se prev\u00e9 que se lleven a cabo m\u00e1s de 50 sesiones en todos los consejos comarcales de Catalu\u00f1a en sesiones diferenciadas para t\u00e9cnicos y para electos.<\/p>\n<p>Por su parte, el sindic d\u2019Aran, <strong>Carlos Barrera<\/strong>, ha manifestado \u00abque la ACM demuestra estar en pie y al servicio del territorio, con sesiones como \u00e9sta en el Aran\u00bb. Barrera ha \u00abvalorado muy positivamente la relaci\u00f3n establecida entre el Conselh Generau y la ACM, que ya hace m\u00e1s de 6 a\u00f1os que dura y que ha hecho que los ayuntamientos araneses y el Gobierno de Aran puedan aprovechar cada vez m\u00e1s las ventajas que esto representa, ya que los municipios peque\u00f1os se pueden beneficiar de las condiciones que alcanzan los m\u00e1s grandes\u00bb.<\/p>\n<p>Actualmente 5 ayuntamientos del Valle de Aran y el mismo Conselh Generau d\u2019Aran, compran alg\u00fan producto o servicio de la Central de compras del mundo local.<\/p>\n<p>El presidente del Foro Comarcal, <strong>Jordi Xargay<\/strong>, ha asegurado que \u00abcomo entidad municipalista m\u00e1s importante del pa\u00eds, defendemos una visi\u00f3n donde los Consejos comarcales o el Conselh Generau d\u2019Aran son necesarios para articular el territorio y ser garant\u00eda para el acceso de los servicios a los ciudadanos \u00ab.<\/p>\n<p>El objetivo de las jornadas es conocer las novedades, transmitir la metodolog\u00eda de elaboraci\u00f3n de pliegos de prescripciones t\u00e9cnicas, fomentar el conocimiento de la contrataci\u00f3n socialmente responsable.<\/p>\n<p>Ahora mismo un 82% de los ayuntamientos catalanes se beneficia de la Central de Compras del mundo local.<\/p>\n<p>Esta es la sexta edici\u00f3n de las sesiones que la ACM lleva a cabo por el territorio catal\u00e1n para explicar las ventajas de la Central de compras del mundo local. Actualmente ofrece 11 productos en m\u00e1s de un millar de entes de toda Catalu\u00f1a. En cuanto a los ayuntamientos, 775 compran alg\u00fan producto o servicio como electricidad, gas, seguros, equipos inform\u00e1ticos, movilidad sostenible, equipos de impresi\u00f3n, maquinaria t\u00e9cnica, papel, DEA\u2019s y ascensores.<\/p>\n<p>Los entes que compran alguna producto o servicio a trav\u00e9s de la Central de compras del mundo local aseguran que cumplen con la Ley de Contratos que entrar\u00e1 en vigor el pr\u00f3ximo 9 de marzo, por tanto, consiguen la m\u00e1xima seguridad jur\u00eddica. Tambi\u00e9n consiguen un ahorro de procedimientos. De promedio tardan 26 d\u00edas desde que contratan el servicio hasta disponer del mismo. El ahorro econ\u00f3mico tambi\u00e9n es considerable, pues de media consiguen unos ahorros de un 10% en las tarifas normales, llegando al 40% en el mantenimiento de ascensores.<\/p>\n<p>El objetivo principal de la Central de compras es que los municipios m\u00e1s peque\u00f1os se puedan beneficiar de las condiciones que alcanzan los mayores. Asimismo, siempre se busca favorecer la econom\u00eda local con el acceso de pymes en lotes territoriales.<\/p>\n<p>Finalmente, la central de compras promueve la movilidad sostenible. Por este motivo, el \u00faltimo acuerdo marco ofrece diferentes modalidades de veh\u00edculos el\u00e9ctricos, ya sean coches, bicicletas o motos de bajo consumo o el\u00e9ctricas. Tambi\u00e9n se ofrece la compra agregada de puntos de recarga.<\/p>\n ","protected":false},"excerpt":{"rendered":"<p>Vielha, 6 de marzo de 2018.- El Conselh Generau d\u2019Aran ha acogido una jornada organizada junto con la ACM (Asociaci\u00f3n de Municipios de Catalu\u00f1a) para explicar las novedades de la Ley de Contratos a cargos electos y t\u00e9cnicos y tambi\u00e9n para hacer difusi\u00f3n de los diferentes acuerdos marco de la Central de Compras del mundo&#8230;<\/p>\n","protected":false},"author":2,"featured_media":20921,"comment_status":"closed","ping_status":"closed","sticky":false,"template":"","format":"standard","meta":{"footnotes":""},"categories":[34],"tags":[],"_links":{"self":[{"href":"https:\/\/www.conselharan.org\/es\/wp-json\/wp\/v2\/posts\/20923"}],"collection":[{"href":"https:\/\/www.conselharan.org\/es\/wp-json\/wp\/v2\/posts"}],"about":[{"href":"https:\/\/www.conselharan.org\/es\/wp-json\/wp\/v2\/types\/post"}],"author":[{"embeddable":true,"href":"https:\/\/www.conselharan.org\/es\/wp-json\/wp\/v2\/users\/2"}],"replies":[{"embeddable":true,"href":"https:\/\/www.conselharan.org\/es\/wp-json\/wp\/v2\/comments?post=20923"}],"version-history":[{"count":1,"href":"https:\/\/www.conselharan.org\/es\/wp-json\/wp\/v2\/posts\/20923\/revisions"}],"predecessor-version":[{"id":20924,"href":"https:\/\/www.conselharan.org\/es\/wp-json\/wp\/v2\/posts\/20923\/revisions\/20924"}],"wp:featuredmedia":[{"embeddable":true,"href":"https:\/\/www.conselharan.org\/es\/wp-json\/wp\/v2\/media\/20921"}],"wp:attachment":[{"href":"https:\/\/www.conselharan.org\/es\/wp-json\/wp\/v2\/media?parent=20923"}],"wp:term":[{"taxonomy":"category","embeddable":true,"href":"https:\/\/www.conselharan.org\/es\/wp-json\/wp\/v2\/categories?post=20923"},{"taxonomy":"post_tag","embeddable":true,"href":"https:\/\/www.conselharan.org\/es\/wp-json\/wp\/v2\/tags?post=20923"}],"curies":[{"name":"wp","href":"https:\/\/api.w.org\/{rel}","templated":true}]}}