{"id":20957,"date":"2018-03-09T14:21:31","date_gmt":"2018-03-09T13:21:31","guid":{"rendered":"http:\/\/www.conselharan.org\/?p=20957"},"modified":"2018-03-09T14:21:31","modified_gmt":"2018-03-09T13:21:31","slug":"el-gobierno-de-aran-destinara-60-000-e-el-asfaltado-de-la-pista-de-aiguamog","status":"publish","type":"post","link":"https:\/\/www.conselharan.org\/es\/el-gobierno-de-aran-destinara-60-000-e-el-asfaltado-de-la-pista-de-aiguamog\/","title":{"rendered":"El Gobierno de Aran destinar\u00e1 60.000 \u20ac el asfaltado de la pista de Aiguam\u00f2g"},"content":{"rendered":"<p>Vielha, 9 de marzo de 2018.- El <strong>Conselh Generau d\u2019Aran<\/strong> ha firmado un convenio de colaboraci\u00f3n con el <strong>Ayuntamiento de Naut Aran<\/strong>, para destinar <strong>60.000 \u20ac al asfaltado de la pista de Aiguam\u00f2g<\/strong> para mejorar la seguridad y facilitar el acceso en esta ribera.<\/p>\n<p><a href=\"http:\/\/www.conselharan.org\/wp-content\/uploads\/2018\/03\/inversions.jpg\"><img loading=\"lazy\" decoding=\"async\" class=\"aligncenter size-large wp-image-20955\" src=\"http:\/\/www.conselharan.org\/wp-content\/uploads\/2018\/03\/inversions-1024x687.jpg\" alt=\"\" width=\"1024\" height=\"687\" srcset=\"https:\/\/www.conselharan.org\/wp-content\/uploads\/2018\/03\/inversions.jpg 1024w, https:\/\/www.conselharan.org\/wp-content\/uploads\/2018\/03\/inversions-300x201.jpg 300w, https:\/\/www.conselharan.org\/wp-content\/uploads\/2018\/03\/inversions-768x515.jpg 768w\" sizes=\"(max-width: 1024px) 100vw, 1024px\" \/><\/a><\/p>\n<p>Por otro lado, el Gobierno de Aran tambi\u00e9n ha aprobado esta semana la adjudicaci\u00f3n de la primera fase de <strong>las obras de mejora de la de la carretera de acceso a Mont y Montcorbau<\/strong> a la empresa Construccions Pirineu 2001 SL. El Conselh Generau destina a estas obras un presupuesto de <strong>265.000 \u20ac.<\/strong> Esta actuaci\u00f3n en el tramo que va desde la rotonda de Vilac en la N-230 hasta el cruce del acceso a Mont, consistir\u00e1 en el ensanchamiento del vial que saldr\u00e1 desde la misma rotonda de Vilac y el ensanchamiento de la carretera hasta el cruce del pueblo de Mont, ya que en este punto la carretera presenta el trazado y las anchuras originales, con unas condiciones de servicio que no est\u00e1n adaptadas a las necesidades de movilidad existentes actualmente.<\/p>\n<p>Estas actuaciones se a\u00f1aden al conjunto de acciones de reequilibrio territorial que lleva a cabo el Consejo General de Aran durante este a\u00f1o 2018, que pasan tambi\u00e9n por los <strong>50.000 \u20ac<\/strong> <strong>destinados a los trabajos de mejora del camino vecinal de acceso al n\u00facleo de Arres de Sus desde el n\u00facleo de Boss\u00f2st<\/strong>, consistentes en el arreglo de dos tramos del camino vecinal, el primero que se inicia en la calle de Arres hasta el cruce con la pista forestal deth B\u00f2sc Ombr\u00e8r, y el segundo, el tramo del camino vecinal entre el cruce de la pista Margalida hasta el cruce con la pista forestal deth B\u00f2sc Ombr\u00e8r, en los que se ha realizado la reparaci\u00f3n del asfaltado del camino, del pavimento del interior de algunas curvas y la estabilizaci\u00f3n de dos hundimientos.<\/p>\n<p>A estas actuaciones hay que a\u00f1adir que la Comisi\u00f3n de Servicios T\u00e9cnicos de la Diputaci\u00f3n de Lleida aprob\u00f3 el pasado mes de febrero la segunda fase del proyecto para la <strong>mejora de un tramo de casi 3 km. de la carretera LV-5055 de acceso a pueblos de Vilam\u00f2s y Arres<\/strong>. La actuaci\u00f3n consistir\u00e1 en la mejora, acondicionamiento, ensanche y arreglo del tramo que va del PK 2+840 hasta el PK 5+605, que contar\u00e1 con una inversi\u00f3n de <strong>1.828.343,19 \u20ac<\/strong> que permitir\u00e1 que los vecinos, tanto de arres como de Vilam\u00f2s mejoren de forma sustancial su seguridad vial en los trayectos diarios por trabajo.<\/p>\n<p>Finalmente recordar que el Conselh Generau d\u2019Aran destina este a\u00f1o <strong>1.400.000 \u20ac<\/strong> <strong>del presupuesto al mantenimiento y mejora de las pistas forestales del Aran<\/strong>. En el Valle de Aran hay cerca de 400 Km. de pistas forestales, de los cuales 164 km. pasan por masas arboladas de las monta\u00f1as, que posibilitan el acceso a los parajes m\u00e1s emblem\u00e1ticos del pa\u00eds.<\/p>\n ","protected":false},"excerpt":{"rendered":"<p>Vielha, 9 de marzo de 2018.- El Conselh Generau d\u2019Aran ha firmado un convenio de colaboraci\u00f3n con el Ayuntamiento de Naut Aran, para destinar 60.000 \u20ac al asfaltado de la pista de Aiguam\u00f2g para mejorar la seguridad y facilitar el acceso en esta ribera. Por otro lado, el Gobierno de Aran tambi\u00e9n ha aprobado esta&#8230;<\/p>\n","protected":false},"author":2,"featured_media":20955,"comment_status":"closed","ping_status":"closed","sticky":false,"template":"","format":"standard","meta":{"footnotes":""},"categories":[52,37],"tags":[],"_links":{"self":[{"href":"https:\/\/www.conselharan.org\/es\/wp-json\/wp\/v2\/posts\/20957"}],"collection":[{"href":"https:\/\/www.conselharan.org\/es\/wp-json\/wp\/v2\/posts"}],"about":[{"href":"https:\/\/www.conselharan.org\/es\/wp-json\/wp\/v2\/types\/post"}],"author":[{"embeddable":true,"href":"https:\/\/www.conselharan.org\/es\/wp-json\/wp\/v2\/users\/2"}],"replies":[{"embeddable":true,"href":"https:\/\/www.conselharan.org\/es\/wp-json\/wp\/v2\/comments?post=20957"}],"version-history":[{"count":1,"href":"https:\/\/www.conselharan.org\/es\/wp-json\/wp\/v2\/posts\/20957\/revisions"}],"predecessor-version":[{"id":20958,"href":"https:\/\/www.conselharan.org\/es\/wp-json\/wp\/v2\/posts\/20957\/revisions\/20958"}],"wp:featuredmedia":[{"embeddable":true,"href":"https:\/\/www.conselharan.org\/es\/wp-json\/wp\/v2\/media\/20955"}],"wp:attachment":[{"href":"https:\/\/www.conselharan.org\/es\/wp-json\/wp\/v2\/media?parent=20957"}],"wp:term":[{"taxonomy":"category","embeddable":true,"href":"https:\/\/www.conselharan.org\/es\/wp-json\/wp\/v2\/categories?post=20957"},{"taxonomy":"post_tag","embeddable":true,"href":"https:\/\/www.conselharan.org\/es\/wp-json\/wp\/v2\/tags?post=20957"}],"curies":[{"name":"wp","href":"https:\/\/api.w.org\/{rel}","templated":true}]}}