{"id":21009,"date":"2018-03-11T15:39:51","date_gmt":"2018-03-11T14:39:51","guid":{"rendered":"http:\/\/www.conselharan.org\/?p=21009"},"modified":"2018-03-11T15:39:51","modified_gmt":"2018-03-11T14:39:51","slug":"multitudinaria-5au-corsa-dera-hemna-con-mas-de-350-participantes","status":"publish","type":"post","link":"https:\/\/www.conselharan.org\/es\/multitudinaria-5au-corsa-dera-hemna-con-mas-de-350-participantes\/","title":{"rendered":"Multitudinaria 5au Corsa dera Hemna con m\u00e1s de 350 participantes"},"content":{"rendered":"<p>Vielha, 11 de marzo de 2018.- Una multitudinaria participaci\u00f3n en la 5\u00aa edici\u00f3n de la Corsa dera Hemna Val d\u2019Aran ha puesto el punto final a los actos organizados por el <strong>Conselh Generau d\u2019Aran<\/strong> con motivo del D\u00eda Internacional de la Mujer, con la participaci\u00f3n de m\u00e1s de 350 personas de todas las edades que han completado las dos vueltas al recorrido urbano de 5Km por las calles de Vielha.<\/p>\n<p><a href=\"http:\/\/www.conselharan.org\/wp-content\/uploads\/2018\/03\/IMG_6578.jpg\"><img loading=\"lazy\" decoding=\"async\" class=\"aligncenter size-large wp-image-21007\" src=\"http:\/\/www.conselharan.org\/wp-content\/uploads\/2018\/03\/IMG_6578-1024x684.jpg\" alt=\"\" width=\"1024\" height=\"684\" srcset=\"https:\/\/www.conselharan.org\/wp-content\/uploads\/2018\/03\/IMG_6578-1024x684.jpg 1024w, https:\/\/www.conselharan.org\/wp-content\/uploads\/2018\/03\/IMG_6578-300x200.jpg 300w, https:\/\/www.conselharan.org\/wp-content\/uploads\/2018\/03\/IMG_6578-768x513.jpg 768w\" sizes=\"(max-width: 1024px) 100vw, 1024px\" \/><\/a><\/p>\n<p>La meteorolog\u00eda ha respetado esta edici\u00f3n de la Corsa dera Hemna, que es abierta a todos y a todas las edades y se puede hacer corriendo o bien caminando, este a\u00f1o ha llegado a la 5\u00aa edici\u00f3n y se ha convertido en uno de los eventos populares con m\u00e1s participaci\u00f3n en la Val d&#8217;Aran.<\/p>\n<p>El consejero de Territorio, <strong>Jos\u00e9 Antonio Boya<\/strong>, que tambi\u00e9n ha hecho la carrera, felicit\u00f3 a todas las participantes por su implicaci\u00f3n un a\u00f1o m\u00e1s en esta carrera popular organizada por el Servicio de Informaci\u00f3n y Atenci\u00f3n a las mujeres (SIAH) del Conselh Generau d\u2019Aran en colaboraci\u00f3n con el Consejo Deportivo del Valle de Aran y la Asociaci\u00f3n Volentaris Val d\u2019Aran.<\/p>\n<p><strong>Resultados 5au Corsa dera Hemna 2018:<\/strong><\/p>\n<p><strong>General Femenino<\/strong><\/p>\n<p>1 MONTSE BACARDIT PE\u00d1ARROYA\u00a0\u00a0 CLUB EXCTA. ARAN\u00a0\u00a0\u00a0\u00a0\u00a0\u00a0\u00a0\u00a0\u00a0\u00a0\u00a0\u00a0\u00a0\u00a0\u00a0\u00a0\u00a0\u00a0\u00a0\u00a0\u00a0\u00a0\u00a0\u00a0\u00a0\u00a0\u00a0 00:20:24<\/p>\n<p>2 LAURA RIQUELME JOUANIN\u00a0\u00a0\u00a0\u00a0\u00a0\u00a0\u00a0\u00a0\u00a0\u00a0 TFC TOULOUSE FOOTBALL CLUB\u00a0\u00a0\u00a0\u00a0\u00a0\u00a0 00:21:19<\/p>\n<p>3 SANDRA ROMERO SUCARRAT\u00a0\u00a0\u00a0\u00a0\u00a0\u00a0\u00a0 CLUB ESP. PEDALA.CAT BALAGUER\u00a0\u00a0 00:22:19<\/p>\n<p><strong>\u00a0<\/strong><\/p>\n<p><strong>Categor\u00eda M\u00e1ster Femenino<\/strong><\/p>\n<p>1 CHANTAL DARROUX BERDET\u00a0\u00a0\u00a0\u00a0\u00a0\u00a0\u00a0\u00a0\u00a0\u00a0\u00a0\u00a0\u00a0\u00a0\u00a0\u00a0\u00a0\u00a0\u00a0\u00a0 00:27:33<\/p>\n<p>2 M. PILAR VICENTE CASTET\u00a0\u00a0\u00a0\u00a0\u00a0\u00a0\u00a0\u00a0\u00a0\u00a0\u00a0\u00a0\u00a0\u00a0\u00a0\u00a0\u00a0\u00a0\u00a0\u00a0\u00a0\u00a0\u00a0\u00a0 00:35:42<\/p>\n<p>3 ISABEL GONZALEZ CALDERON\u00a0\u00a0\u00a0\u00a0\u00a0\u00a0\u00a0\u00a0\u00a0\u00a0\u00a0\u00a0\u00a0\u00a0\u00a0\u00a0\u00a0\u00a0 00:41:25<\/p>\n<p>&nbsp;<\/p>\n<p><strong>Categor\u00eda Veterano 2 F<\/strong><\/p>\n<p>1 M. ANGELES ORDAX GUTIERREZ\u00a0\u00a0\u00a0 \u00a0\u00a0\u00a0\u00a0\u00a0\u00a0\u00a0\u00a0\u00a0\u00a0\u00a0 00:33:10<\/p>\n<p>2 JUANITA FERNANDEZ IRUELA\u00a0\u00a0\u00a0\u00a0\u00a0\u00a0\u00a0\u00a0\u00a0\u00a0\u00a0\u00a0\u00a0\u00a0\u00a0\u00a0\u00a0\u00a0\u00a0\u00a0 00:40:37<\/p>\n<p>3 LOURDES RUBIO ESPASA\u00a0\u00a0\u00a0\u00a0\u00a0\u00a0\u00a0\u00a0\u00a0\u00a0\u00a0\u00a0\u00a0\u00a0\u00a0\u00a0\u00a0\u00a0\u00a0\u00a0\u00a0\u00a0\u00a0\u00a0\u00a0\u00a0\u00a0 00:40:38<\/p>\n<p>&nbsp;<\/p>\n<p>&nbsp;<\/p>\n<p><strong>Categor\u00eda Veterano 1 F<\/strong><\/p>\n<p>1 CAROLINA GARCIA FERNANDEZ\u00a0\u00a0\u00a0\u00a0\u00a0\u00a0\u00a0\u00a0\u00a0\u00a0\u00a0\u00a0\u00a0\u00a0\u00a0\u00a0 00:27:07<\/p>\n<p>2 URSULA RUIZ GARCIA\u00a0\u00a0\u00a0\u00a0\u00a0\u00a0\u00a0\u00a0\u00a0\u00a0\u00a0\u00a0\u00a0\u00a0\u00a0\u00a0\u00a0\u00a0\u00a0\u00a0\u00a0\u00a0\u00a0\u00a0\u00a0\u00a0\u00a0\u00a0\u00a0\u00a0\u00a0\u00a0 00:27:35<\/p>\n<p>3 MONTSE RABELLA COMAMALA\u00a0\u00a0\u00a0\u00a0\u00a0\u00a0\u00a0\u00a0\u00a0\u00a0\u00a0\u00a0\u00a0\u00a0\u00a0\u00a0 00:29:49<\/p>\n<p>&nbsp;<\/p>\n<p><strong>Categor\u00eda Senior F<\/strong><\/p>\n<p>1 MONTSE BACARDIT PE\u00d1ARROYA\u00a0\u00a0\u00a0\u00a0\u00a0\u00a0\u00a0\u00a0\u00a0\u00a0\u00a0\u00a0\u00a0\u00a0 00:20:24<\/p>\n<p>2 SANDRA ROMERO SUCARRAT\u00a0\u00a0\u00a0\u00a0\u00a0\u00a0\u00a0\u00a0\u00a0\u00a0\u00a0\u00a0\u00a0\u00a0\u00a0\u00a0\u00a0\u00a0\u00a0 00:22:19<\/p>\n<p>3 BEATRIZ BRENES VICENTE\u00a0\u00a0\u00a0\u00a0\u00a0\u00a0\u00a0\u00a0\u00a0\u00a0\u00a0\u00a0\u00a0\u00a0\u00a0\u00a0\u00a0\u00a0\u00a0\u00a0\u00a0\u00a0\u00a0\u00a0\u00a0 00:23:35<\/p>\n<p>&nbsp;<\/p>\n<p><strong>Categor\u00eda Juvenil F<\/strong><\/p>\n<p>1 LAURA RIQUELME JOUANIN\u00a0\u00a0\u00a0\u00a0\u00a0\u00a0\u00a0\u00a0\u00a0\u00a0 00:21:19<\/p>\n<p>2 ALBA SASTRADA CAPEL\u00a0\u00a0\u00a0\u00a0\u00a0\u00a0\u00a0\u00a0\u00a0\u00a0\u00a0\u00a0\u00a0\u00a0\u00a0\u00a0\u00a0 00:24:01<\/p>\n<p>3 AITANA BATALLA ESTEVEZ\u00a0\u00a0\u00a0\u00a0\u00a0\u00a0\u00a0\u00a0\u00a0\u00a0\u00a0\u00a0 00:24:47<\/p>\n<p>&nbsp;<\/p>\n<p><strong>General Masculino<\/strong><\/p>\n<p>1 JUAN NAVALON RUBIO\u00a0\u00a0\u00a0\u00a0\u00a0\u00a0\u00a0\u00a0\u00a0\u00a0\u00a0\u00a0\u00a0\u00a0\u00a0\u00a0\u00a0 00:17:29<\/p>\n<p>2 GEORGE SARION\u00a0\u00a0\u00a0\u00a0\u00a0\u00a0\u00a0\u00a0\u00a0\u00a0\u00a0\u00a0\u00a0\u00a0\u00a0\u00a0\u00a0\u00a0\u00a0\u00a0\u00a0\u00a0\u00a0\u00a0\u00a0\u00a0\u00a0\u00a0 00:18:32<\/p>\n<p>3 FRAN NART CASTET\u00a0\u00a0\u00a0\u00a0\u00a0\u00a0\u00a0\u00a0\u00a0\u00a0\u00a0\u00a0\u00a0\u00a0\u00a0\u00a0\u00a0\u00a0\u00a0\u00a0\u00a0\u00a0\u00a0 00:18:48<\/p>\n<p><a href=\"http:\/\/www.conselharan.org\/wp-content\/uploads\/2018\/03\/IMG_6568.jpg\"><img loading=\"lazy\" decoding=\"async\" class=\"aligncenter size-large wp-image-21006\" src=\"http:\/\/www.conselharan.org\/wp-content\/uploads\/2018\/03\/IMG_6568-1024x683.jpg\" alt=\"\" width=\"1024\" height=\"683\" srcset=\"https:\/\/www.conselharan.org\/wp-content\/uploads\/2018\/03\/IMG_6568-1024x683.jpg 1024w, https:\/\/www.conselharan.org\/wp-content\/uploads\/2018\/03\/IMG_6568-300x200.jpg 300w, https:\/\/www.conselharan.org\/wp-content\/uploads\/2018\/03\/IMG_6568-768x512.jpg 768w\" sizes=\"(max-width: 1024px) 100vw, 1024px\" \/><\/a> <a href=\"http:\/\/www.conselharan.org\/wp-content\/uploads\/2018\/03\/IMG_6563.jpg\"><img loading=\"lazy\" decoding=\"async\" class=\"aligncenter size-large wp-image-21005\" src=\"http:\/\/www.conselharan.org\/wp-content\/uploads\/2018\/03\/IMG_6563-1024x683.jpg\" alt=\"\" width=\"1024\" height=\"683\" srcset=\"https:\/\/www.conselharan.org\/wp-content\/uploads\/2018\/03\/IMG_6563-1024x683.jpg 1024w, https:\/\/www.conselharan.org\/wp-content\/uploads\/2018\/03\/IMG_6563-300x200.jpg 300w, https:\/\/www.conselharan.org\/wp-content\/uploads\/2018\/03\/IMG_6563-768x512.jpg 768w\" sizes=\"(max-width: 1024px) 100vw, 1024px\" \/><\/a> <a href=\"http:\/\/www.conselharan.org\/wp-content\/uploads\/2018\/03\/IMG_6560.jpg\"><img loading=\"lazy\" decoding=\"async\" class=\"aligncenter size-large wp-image-21004\" src=\"http:\/\/www.conselharan.org\/wp-content\/uploads\/2018\/03\/IMG_6560-1024x683.jpg\" alt=\"\" width=\"1024\" height=\"683\" srcset=\"https:\/\/www.conselharan.org\/wp-content\/uploads\/2018\/03\/IMG_6560-1024x683.jpg 1024w, https:\/\/www.conselharan.org\/wp-content\/uploads\/2018\/03\/IMG_6560-300x200.jpg 300w, https:\/\/www.conselharan.org\/wp-content\/uploads\/2018\/03\/IMG_6560-768x512.jpg 768w\" sizes=\"(max-width: 1024px) 100vw, 1024px\" \/><\/a> <a href=\"http:\/\/www.conselharan.org\/wp-content\/uploads\/2018\/03\/IMG_6554.jpg\"><img loading=\"lazy\" decoding=\"async\" class=\"aligncenter size-large wp-image-21003\" src=\"http:\/\/www.conselharan.org\/wp-content\/uploads\/2018\/03\/IMG_6554-1024x733.jpg\" alt=\"\" width=\"1024\" height=\"733\" srcset=\"https:\/\/www.conselharan.org\/wp-content\/uploads\/2018\/03\/IMG_6554-1024x733.jpg 1024w, https:\/\/www.conselharan.org\/wp-content\/uploads\/2018\/03\/IMG_6554-300x215.jpg 300w, https:\/\/www.conselharan.org\/wp-content\/uploads\/2018\/03\/IMG_6554-768x549.jpg 768w\" sizes=\"(max-width: 1024px) 100vw, 1024px\" \/><\/a> <a href=\"http:\/\/www.conselharan.org\/wp-content\/uploads\/2018\/03\/IMG_6551.jpg\"><img loading=\"lazy\" decoding=\"async\" class=\"aligncenter size-large wp-image-21002\" src=\"http:\/\/www.conselharan.org\/wp-content\/uploads\/2018\/03\/IMG_6551-1024x683.jpg\" alt=\"\" width=\"1024\" height=\"683\" srcset=\"https:\/\/www.conselharan.org\/wp-content\/uploads\/2018\/03\/IMG_6551-1024x683.jpg 1024w, https:\/\/www.conselharan.org\/wp-content\/uploads\/2018\/03\/IMG_6551-300x200.jpg 300w, https:\/\/www.conselharan.org\/wp-content\/uploads\/2018\/03\/IMG_6551-768x512.jpg 768w\" sizes=\"(max-width: 1024px) 100vw, 1024px\" \/><\/a> <a href=\"http:\/\/www.conselharan.org\/wp-content\/uploads\/2018\/03\/IMG_6542.jpg\"><img loading=\"lazy\" decoding=\"async\" class=\"aligncenter size-large wp-image-21001\" src=\"http:\/\/www.conselharan.org\/wp-content\/uploads\/2018\/03\/IMG_6542-1024x683.jpg\" alt=\"\" width=\"1024\" height=\"683\" srcset=\"https:\/\/www.conselharan.org\/wp-content\/uploads\/2018\/03\/IMG_6542-1024x683.jpg 1024w, https:\/\/www.conselharan.org\/wp-content\/uploads\/2018\/03\/IMG_6542-300x200.jpg 300w, https:\/\/www.conselharan.org\/wp-content\/uploads\/2018\/03\/IMG_6542-768x512.jpg 768w\" sizes=\"(max-width: 1024px) 100vw, 1024px\" \/><\/a> <a href=\"http:\/\/www.conselharan.org\/wp-content\/uploads\/2018\/03\/IMG_6539.jpg\"><img loading=\"lazy\" decoding=\"async\" class=\"aligncenter size-large wp-image-21000\" src=\"http:\/\/www.conselharan.org\/wp-content\/uploads\/2018\/03\/IMG_6539-1024x683.jpg\" alt=\"\" width=\"1024\" height=\"683\" srcset=\"https:\/\/www.conselharan.org\/wp-content\/uploads\/2018\/03\/IMG_6539-1024x683.jpg 1024w, https:\/\/www.conselharan.org\/wp-content\/uploads\/2018\/03\/IMG_6539-300x200.jpg 300w, https:\/\/www.conselharan.org\/wp-content\/uploads\/2018\/03\/IMG_6539-768x512.jpg 768w\" sizes=\"(max-width: 1024px) 100vw, 1024px\" \/><\/a> <a href=\"http:\/\/www.conselharan.org\/wp-content\/uploads\/2018\/03\/IMG_6526.jpg\"><img loading=\"lazy\" decoding=\"async\" class=\"aligncenter size-large wp-image-20999\" src=\"http:\/\/www.conselharan.org\/wp-content\/uploads\/2018\/03\/IMG_6526-1024x683.jpg\" alt=\"\" width=\"1024\" height=\"683\" srcset=\"https:\/\/www.conselharan.org\/wp-content\/uploads\/2018\/03\/IMG_6526-1024x683.jpg 1024w, https:\/\/www.conselharan.org\/wp-content\/uploads\/2018\/03\/IMG_6526-300x200.jpg 300w, https:\/\/www.conselharan.org\/wp-content\/uploads\/2018\/03\/IMG_6526-768x512.jpg 768w\" sizes=\"(max-width: 1024px) 100vw, 1024px\" \/><\/a> <a href=\"http:\/\/www.conselharan.org\/wp-content\/uploads\/2018\/03\/IMG_6515.jpg\"><img loading=\"lazy\" decoding=\"async\" class=\"aligncenter size-large wp-image-20998\" src=\"http:\/\/www.conselharan.org\/wp-content\/uploads\/2018\/03\/IMG_6515-1024x683.jpg\" alt=\"\" width=\"1024\" height=\"683\" srcset=\"https:\/\/www.conselharan.org\/wp-content\/uploads\/2018\/03\/IMG_6515-1024x683.jpg 1024w, https:\/\/www.conselharan.org\/wp-content\/uploads\/2018\/03\/IMG_6515-300x200.jpg 300w, https:\/\/www.conselharan.org\/wp-content\/uploads\/2018\/03\/IMG_6515-768x512.jpg 768w\" sizes=\"(max-width: 1024px) 100vw, 1024px\" \/><\/a> <a href=\"http:\/\/www.conselharan.org\/wp-content\/uploads\/2018\/03\/IMG_6508.jpg\"><img loading=\"lazy\" decoding=\"async\" class=\"aligncenter size-large wp-image-20996\" src=\"http:\/\/www.conselharan.org\/wp-content\/uploads\/2018\/03\/IMG_6508-1024x683.jpg\" alt=\"\" width=\"1024\" height=\"683\" srcset=\"https:\/\/www.conselharan.org\/wp-content\/uploads\/2018\/03\/IMG_6508-1024x683.jpg 1024w, https:\/\/www.conselharan.org\/wp-content\/uploads\/2018\/03\/IMG_6508-300x200.jpg 300w, https:\/\/www.conselharan.org\/wp-content\/uploads\/2018\/03\/IMG_6508-768x512.jpg 768w\" sizes=\"(max-width: 1024px) 100vw, 1024px\" \/><\/a><\/p>\n<p>&nbsp;<\/p>\n<p>&nbsp;<\/p>\n ","protected":false},"excerpt":{"rendered":"<p>Vielha, 11 de marzo de 2018.- Una multitudinaria participaci\u00f3n en la 5\u00aa edici\u00f3n de la Corsa dera Hemna Val d\u2019Aran ha puesto el punto final a los actos organizados por el Conselh Generau d\u2019Aran con motivo del D\u00eda Internacional de la Mujer, con la participaci\u00f3n de m\u00e1s de 350 personas de todas las edades que&#8230;<\/p>\n","protected":false},"author":2,"featured_media":21007,"comment_status":"closed","ping_status":"closed","sticky":false,"template":"","format":"standard","meta":{"footnotes":""},"categories":[135,34],"tags":[],"_links":{"self":[{"href":"https:\/\/www.conselharan.org\/es\/wp-json\/wp\/v2\/posts\/21009"}],"collection":[{"href":"https:\/\/www.conselharan.org\/es\/wp-json\/wp\/v2\/posts"}],"about":[{"href":"https:\/\/www.conselharan.org\/es\/wp-json\/wp\/v2\/types\/post"}],"author":[{"embeddable":true,"href":"https:\/\/www.conselharan.org\/es\/wp-json\/wp\/v2\/users\/2"}],"replies":[{"embeddable":true,"href":"https:\/\/www.conselharan.org\/es\/wp-json\/wp\/v2\/comments?post=21009"}],"version-history":[{"count":1,"href":"https:\/\/www.conselharan.org\/es\/wp-json\/wp\/v2\/posts\/21009\/revisions"}],"predecessor-version":[{"id":21010,"href":"https:\/\/www.conselharan.org\/es\/wp-json\/wp\/v2\/posts\/21009\/revisions\/21010"}],"wp:featuredmedia":[{"embeddable":true,"href":"https:\/\/www.conselharan.org\/es\/wp-json\/wp\/v2\/media\/21007"}],"wp:attachment":[{"href":"https:\/\/www.conselharan.org\/es\/wp-json\/wp\/v2\/media?parent=21009"}],"wp:term":[{"taxonomy":"category","embeddable":true,"href":"https:\/\/www.conselharan.org\/es\/wp-json\/wp\/v2\/categories?post=21009"},{"taxonomy":"post_tag","embeddable":true,"href":"https:\/\/www.conselharan.org\/es\/wp-json\/wp\/v2\/tags?post=21009"}],"curies":[{"name":"wp","href":"https:\/\/api.w.org\/{rel}","templated":true}]}}