{"id":21033,"date":"2018-03-13T12:38:54","date_gmt":"2018-03-13T11:38:54","guid":{"rendered":"http:\/\/www.conselharan.org\/?p=21033"},"modified":"2018-03-13T12:38:54","modified_gmt":"2018-03-13T11:38:54","slug":"reapertura-de-la-n-125-a-su-paso-por-saint-beat-el-14-de-marzo","status":"publish","type":"post","link":"https:\/\/www.conselharan.org\/es\/reapertura-de-la-n-125-a-su-paso-por-saint-beat-el-14-de-marzo\/","title":{"rendered":"Reapertura de la N-125 a su paso por Saint B\u00e9at el 14 de marzo"},"content":{"rendered":"<p>Vielha, 13 de marzo de 2018.- Las autoridades francesas de la Sous-Pr\u00e9fecture de Saint Gaudens han comunicado al Conselh Generau d\u2019Aran la <strong>reapertura del tramo franc\u00e9s de la N-230 (N-125), a su paso por Saint B\u00e9at a partir de ma\u00f1ana d\u00eda 14 de marzo.<\/strong><\/p>\n<p><a href=\"http:\/\/www.conselharan.org\/wp-content\/uploads\/2018\/03\/IMG_1124.jpg\"><img loading=\"lazy\" decoding=\"async\" class=\"aligncenter size-large wp-image-21030\" src=\"http:\/\/www.conselharan.org\/wp-content\/uploads\/2018\/03\/IMG_1124-1024x643.jpg\" alt=\"\" width=\"1024\" height=\"643\" srcset=\"https:\/\/www.conselharan.org\/wp-content\/uploads\/2018\/03\/IMG_1124-1024x643.jpg 1024w, https:\/\/www.conselharan.org\/wp-content\/uploads\/2018\/03\/IMG_1124-300x188.jpg 300w, https:\/\/www.conselharan.org\/wp-content\/uploads\/2018\/03\/IMG_1124-768x482.jpg 768w\" sizes=\"(max-width: 1024px) 100vw, 1024px\" \/><\/a><\/p>\n<p>La carretera RD44 (N-125) a su paso por Saint B\u00e9at estaba cerrada al tr\u00e1fico de todos los veh\u00edculos y personas, en ambas direcciones de tr\u00e1fico, desde el pasado 13 de diciembre, debido al riesgo de ca\u00edda de piedras.<\/p>\n<p>Una empresa especializada, bajo la supervisi\u00f3n del Servicio de Restauraci\u00f3n de Tierras de Monta\u00f1a, llev\u00f3 a cabo una intervenci\u00f3n destinada a consolidar las rocas peligrosas que dominan la carretera.<\/p>\n<p>La reapertura de la ruta al tr\u00e1fico est\u00e1 prevista para el 14 de marzo de 2018, despu\u00e9s de la limpieza del lugar y de la carretera y la eliminaci\u00f3n de las se\u00f1ales relacionados con las desviaciones.<\/p>\n<p>La reapertura de este tramo de la carretera RD44, significa en la pr\u00e1ctica que se restablecer\u00e1 el paso de cualquier tipo de veh\u00edculo, incluidos los de m\u00e1s de 8,5m de longitud, que hasta ahora ten\u00edan que buscar otras rutas alternativas de comunicaci\u00f3n y transporte de mercanc\u00edas entre Espa\u00f1a y Francia. Cabe recordar que el tr\u00e1fico de veh\u00edculos pesados \u200b\u200bpor el Valle de Aran se hab\u00eda reducido en un 85% desde el mes de diciembre, cuando se limit\u00f3 su paso por esta v\u00eda.<\/p>\n ","protected":false},"excerpt":{"rendered":"<p>Vielha, 13 de marzo de 2018.- Las autoridades francesas de la Sous-Pr\u00e9fecture de Saint Gaudens han comunicado al Conselh Generau d\u2019Aran la reapertura del tramo franc\u00e9s de la N-230 (N-125), a su paso por Saint B\u00e9at a partir de ma\u00f1ana d\u00eda 14 de marzo. La carretera RD44 (N-125) a su paso por Saint B\u00e9at estaba&#8230;<\/p>\n","protected":false},"author":2,"featured_media":21030,"comment_status":"closed","ping_status":"closed","sticky":false,"template":"","format":"standard","meta":{"footnotes":""},"categories":[52,37],"tags":[],"_links":{"self":[{"href":"https:\/\/www.conselharan.org\/es\/wp-json\/wp\/v2\/posts\/21033"}],"collection":[{"href":"https:\/\/www.conselharan.org\/es\/wp-json\/wp\/v2\/posts"}],"about":[{"href":"https:\/\/www.conselharan.org\/es\/wp-json\/wp\/v2\/types\/post"}],"author":[{"embeddable":true,"href":"https:\/\/www.conselharan.org\/es\/wp-json\/wp\/v2\/users\/2"}],"replies":[{"embeddable":true,"href":"https:\/\/www.conselharan.org\/es\/wp-json\/wp\/v2\/comments?post=21033"}],"version-history":[{"count":1,"href":"https:\/\/www.conselharan.org\/es\/wp-json\/wp\/v2\/posts\/21033\/revisions"}],"predecessor-version":[{"id":21034,"href":"https:\/\/www.conselharan.org\/es\/wp-json\/wp\/v2\/posts\/21033\/revisions\/21034"}],"wp:featuredmedia":[{"embeddable":true,"href":"https:\/\/www.conselharan.org\/es\/wp-json\/wp\/v2\/media\/21030"}],"wp:attachment":[{"href":"https:\/\/www.conselharan.org\/es\/wp-json\/wp\/v2\/media?parent=21033"}],"wp:term":[{"taxonomy":"category","embeddable":true,"href":"https:\/\/www.conselharan.org\/es\/wp-json\/wp\/v2\/categories?post=21033"},{"taxonomy":"post_tag","embeddable":true,"href":"https:\/\/www.conselharan.org\/es\/wp-json\/wp\/v2\/tags?post=21033"}],"curies":[{"name":"wp","href":"https:\/\/api.w.org\/{rel}","templated":true}]}}