{"id":21062,"date":"2018-03-14T18:19:41","date_gmt":"2018-03-14T17:19:41","guid":{"rendered":"http:\/\/www.conselharan.org\/?p=21062"},"modified":"2018-03-14T18:19:41","modified_gmt":"2018-03-14T17:19:41","slug":"8a-edicion-del-festival-pyrenades-del-24-al-31-de-marzo-en-salardu","status":"publish","type":"post","link":"https:\/\/www.conselharan.org\/es\/8a-edicion-del-festival-pyrenades-del-24-al-31-de-marzo-en-salardu\/","title":{"rendered":"8\u00aa edici\u00f3n del festival Pyrenades del 24 al 31 de marzo en Salard\u00fa"},"content":{"rendered":"<p>Vielha, 14 de marzo de 2018.- Del 24 al 31 de marzo de 2018 llega una nueva edici\u00f3n del <strong>festival Pyrenades<\/strong> que este a\u00f1o celebra la 8\u00aa edici\u00f3n. El festival propone un inicio de semana santa al m\u00e1s puro estilo pirineista a partir de una programaci\u00f3n variada de actividades para peque\u00f1os y grandes, donde no falta la naturaleza, el conocimiento, el cine de monta\u00f1a, la m\u00fasica, el descubrimiento, la reflexi\u00f3n, el patrimonio y las actividades al aire libre. Hace ya ocho a\u00f1os que el PyrenMuseu del Refugio Rosta de Salard\u00fa organiza este festival que acerca el pirineismo todos los p\u00fablicos.<\/p>\n<p><a href=\"http:\/\/www.conselharan.org\/wp-content\/uploads\/2018\/03\/logo-Pyrenades_2018_NET.jpg\"><img loading=\"lazy\" decoding=\"async\" class=\"aligncenter size-large wp-image-21057\" src=\"http:\/\/www.conselharan.org\/wp-content\/uploads\/2018\/03\/logo-Pyrenades_2018_NET-1024x677.jpg\" alt=\"\" width=\"1024\" height=\"677\" srcset=\"https:\/\/www.conselharan.org\/wp-content\/uploads\/2018\/03\/logo-Pyrenades_2018_NET-1024x677.jpg 1024w, https:\/\/www.conselharan.org\/wp-content\/uploads\/2018\/03\/logo-Pyrenades_2018_NET-300x198.jpg 300w, https:\/\/www.conselharan.org\/wp-content\/uploads\/2018\/03\/logo-Pyrenades_2018_NET-768x508.jpg 768w, https:\/\/www.conselharan.org\/wp-content\/uploads\/2018\/03\/logo-Pyrenades_2018_NET.jpg 1400w\" sizes=\"(max-width: 1024px) 100vw, 1024px\" \/><\/a><\/p>\n<p>El pirineismo, es el movimiento de personas que en el siglo XIX se adentraron en los Pirineos motivadas por la pr\u00e1ctica deportiva y la exploraci\u00f3n cient\u00edfica y humanista de la zona. Con un programa que combina todos estos elementos, Pyrenades reinterpreta su legado y lo hace vivo hoy en d\u00eda.<\/p>\n<p>Conferencias, excursiones, talleres infantiles, cine y m\u00fasica de monta\u00f1a son las diferentes actividades propuestas por el festival Pyrenades.<\/p>\n<p>Este a\u00f1o, la sesi\u00f3n inaugural del 24 de marzo ir\u00e1 a cargo del escritor <strong>Eduardo Mart\u00ednez<\/strong> <strong>de Pis\u00f3n<\/strong>, Premio Nacional de Medio Ambiente, con la ponencia <strong>\u00abAlabanza de los<\/strong> <strong>Pirineos\u00bb<\/strong>, un recorrido por la literatura y pintura pirineista. El domingo 25 ser\u00e1 el turno de <strong>\u00d2scar Cadiach<\/strong>, pirineista, alpinista y himalayista, que presentar\u00e1 su libro <strong>\u00abLos 14 ochomiles\u00bb<\/strong> y narrar\u00e1 sus experiencias, la \u00faltima con el patrocinio de <strong>Turismo Val<\/strong> <strong>d&#8217;Aran<\/strong>, la ascensi\u00f3n a la cima del Broad Peak de 8.047 metros, que lo convirti\u00f3 el pasado 27 de julio de 2017, en el primer catal\u00e1n que corona los catorce ochomiles sin ox\u00edgeno, entrando, a sus 64 a\u00f1os, en la selecta lista de 20 alpinistas que han completado los 14 \u00d7 8.000 sin ox\u00edgeno.<\/p>\n<p>A continuaci\u00f3n, durante la 8\u00aa Muestra de Cine de Monta\u00f1a de Pyrenades, se podr\u00e1 disfrutar de la pel\u00edcula dirigida por el propio Cadiach <strong>\u00abM\u00e1s all\u00e1 del Kumbhakarma\u00bb<\/strong>, que relata la historia del primer Sherpa que alcanz\u00f3 los 14 picos de 8.000 metros. Como es habitual, cada noche se ofrecer\u00e1 una selecci\u00f3n de los mejores filmes exhibidos en el Festival Internacional de Cine de Monta\u00f1a de Torell\u00f3. Adem\u00e1s, cada noche antes del cine se podr\u00e1 descubrir la experiencia 360\u00ba de la realidad virtual con la Real 3D \u00b7 VR Experience, emociones que no dejar\u00e1n al p\u00fablico indiferente.<\/p>\n<p>Los parques nacionales del territorio se pondr\u00e1n en valor con la charla que tendr\u00e1 lugar el lunes 26 con el t\u00edtulo <strong>\u00abParque Nacional de Aig\u00fcestortes y Lago de San Mauricio. La conservaci\u00f3n de la naturaleza y la dinamizaci\u00f3n del territorio \u00ab, a cargo de Merc\u00e8 Aniz<\/strong>, directora y conservadora del Parque Nacional. Relacionado con este tema, el s\u00e1bado 24 se proyectar\u00e1 el documental <strong>\u00abOrdesa y Monte Perdido: un siglo como Parque Nacional\u00bb.<\/strong><\/p>\n<p>El martes 27, <strong>Marta Bret\u00f3n<\/strong>, fot\u00f3grafa profesional, dar\u00e1 pistas de c\u00f3mo buscar la luz en la oscuridad, desvelando los secretos de la fotograf\u00eda nocturna y ofreciendo un taller para ponerlos en pr\u00e1ctica. La medicina de monta\u00f1a tambi\u00e9n tendr\u00e1 su espacio de la mano del doctor <strong>Miquel Rodr\u00edguez<\/strong>, un especialista en la materia que el jueves 29 contar\u00e1, entre otras cuestiones, como una actuaci\u00f3n eficaz de urgencia puede ser determinante en muchos casos.<\/p>\n<p>Hacia finales de una semana donde los talleres infantiles y las caminatas y excursiones tambi\u00e9n ser\u00e1n protagonistas, la cultura aranesa se pondr\u00e1 de relieve con el debate \u201cEr aran\u00e8s, qui ten era lengua ten era sua identitat\u201d (El aran\u00e9s, quien tiene la lengua tiene su identidad) del viernes 30 y el concierto de clausura del festival del s\u00e1bado 31, donde los artistas araneses <strong>Alid\u00e9 Sans<\/strong> y <strong>Paul Courtinal<\/strong> presentar\u00e1n su nuevo disco <strong>\u00abHener\u00e8cla\u00bb.<\/strong><\/p>\n<p>La voluntad de Pyrenades es dinamizar Salard\u00fa y el municipio del Naut Aran con una propuesta de calidad que cuenta con el patrocinio del <strong>Ayuntamiento de Naut Aran<\/strong>, el apoyo del <strong>Conselh Generau d\u2019Aran<\/strong> y la colaboraci\u00f3n de numerosas entidades.<\/p>\n<p><a href=\"http:\/\/www.conselharan.org\/wp-content\/uploads\/2018\/03\/Pyrenades_2018_NET.jpg\"><img loading=\"lazy\" decoding=\"async\" class=\"aligncenter size-large wp-image-21058\" src=\"http:\/\/www.conselharan.org\/wp-content\/uploads\/2018\/03\/Pyrenades_2018_NET-427x1024.jpg\" alt=\"\" width=\"427\" height=\"1024\" srcset=\"https:\/\/www.conselharan.org\/wp-content\/uploads\/2018\/03\/Pyrenades_2018_NET-427x1024.jpg 427w, https:\/\/www.conselharan.org\/wp-content\/uploads\/2018\/03\/Pyrenades_2018_NET-125x300.jpg 125w, https:\/\/www.conselharan.org\/wp-content\/uploads\/2018\/03\/Pyrenades_2018_NET-768x1843.jpg 768w, https:\/\/www.conselharan.org\/wp-content\/uploads\/2018\/03\/Pyrenades_2018_NET.jpg 1772w\" sizes=\"(max-width: 427px) 100vw, 427px\" \/><\/a><\/p>\n ","protected":false},"excerpt":{"rendered":"<p>Vielha, 14 de marzo de 2018.- Del 24 al 31 de marzo de 2018 llega una nueva edici\u00f3n del festival Pyrenades que este a\u00f1o celebra la 8\u00aa edici\u00f3n. El festival propone un inicio de semana santa al m\u00e1s puro estilo pirineista a partir de una programaci\u00f3n variada de actividades para peque\u00f1os y grandes, donde no&#8230;<\/p>\n","protected":false},"author":2,"featured_media":21057,"comment_status":"closed","ping_status":"closed","sticky":false,"template":"","format":"standard","meta":{"footnotes":""},"categories":[34],"tags":[],"_links":{"self":[{"href":"https:\/\/www.conselharan.org\/es\/wp-json\/wp\/v2\/posts\/21062"}],"collection":[{"href":"https:\/\/www.conselharan.org\/es\/wp-json\/wp\/v2\/posts"}],"about":[{"href":"https:\/\/www.conselharan.org\/es\/wp-json\/wp\/v2\/types\/post"}],"author":[{"embeddable":true,"href":"https:\/\/www.conselharan.org\/es\/wp-json\/wp\/v2\/users\/2"}],"replies":[{"embeddable":true,"href":"https:\/\/www.conselharan.org\/es\/wp-json\/wp\/v2\/comments?post=21062"}],"version-history":[{"count":1,"href":"https:\/\/www.conselharan.org\/es\/wp-json\/wp\/v2\/posts\/21062\/revisions"}],"predecessor-version":[{"id":21063,"href":"https:\/\/www.conselharan.org\/es\/wp-json\/wp\/v2\/posts\/21062\/revisions\/21063"}],"wp:featuredmedia":[{"embeddable":true,"href":"https:\/\/www.conselharan.org\/es\/wp-json\/wp\/v2\/media\/21057"}],"wp:attachment":[{"href":"https:\/\/www.conselharan.org\/es\/wp-json\/wp\/v2\/media?parent=21062"}],"wp:term":[{"taxonomy":"category","embeddable":true,"href":"https:\/\/www.conselharan.org\/es\/wp-json\/wp\/v2\/categories?post=21062"},{"taxonomy":"post_tag","embeddable":true,"href":"https:\/\/www.conselharan.org\/es\/wp-json\/wp\/v2\/tags?post=21062"}],"curies":[{"name":"wp","href":"https:\/\/api.w.org\/{rel}","templated":true}]}}