{"id":21929,"date":"2018-04-30T10:00:30","date_gmt":"2018-04-30T08:00:30","guid":{"rendered":"http:\/\/www.conselharan.org\/?p=21929"},"modified":"2018-04-30T10:00:30","modified_gmt":"2018-04-30T08:00:30","slug":"caritas-val-daran-celebra-un-ano-mas-el-dia-de-la-madre","status":"publish","type":"post","link":"https:\/\/www.conselharan.org\/es\/caritas-val-daran-celebra-un-ano-mas-el-dia-de-la-madre\/","title":{"rendered":"C\u00e1ritas Val d\u2019Aran celebra un a\u00f1o m\u00e1s el d\u00eda de la madre"},"content":{"rendered":"<p><a href=\"http:\/\/www.conselharan.org\/caritas-val-daran-celebre-un-an-mes-eth-dia-dera-mair\/kinder-mit-geschenken\/\" rel=\"attachment wp-att-21924\"><img loading=\"lazy\" decoding=\"async\" class=\"aligncenter size-large wp-image-21924\" src=\"http:\/\/www.conselharan.org\/wp-content\/uploads\/2018\/04\/dia-de-la-mare-2018-1024x678.jpg\" alt=\"\" width=\"1024\" height=\"678\" srcset=\"https:\/\/www.conselharan.org\/wp-content\/uploads\/2018\/04\/dia-de-la-mare-2018-1024x678.jpg 1024w, https:\/\/www.conselharan.org\/wp-content\/uploads\/2018\/04\/dia-de-la-mare-2018-300x199.jpg 300w, https:\/\/www.conselharan.org\/wp-content\/uploads\/2018\/04\/dia-de-la-mare-2018-768x509.jpg 768w\" sizes=\"(max-width: 1024px) 100vw, 1024px\" \/><\/a><\/p>\n<p>El pr\u00f3ximo domingo 6 de mayo, d\u00eda de la madre, a partir de las 10h00 hasta las 14h00, C\u00e1ritas Val d\u2019Aran estar\u00e1 en los porches del Ayuntamiento de Vielha para vender flores, manualidades y ropa de segunda mano con el fin de recaudar fondos para el programa de infancia y juventud que C\u00e1ritas desarrolla en la Val d\u2019Aran.<\/p>\n<p>&nbsp;<\/p>\n<p>\u00a1Os esperamos!<\/p>\n<p>&nbsp;<\/p>\n<p>&nbsp;<\/p>\n<p>&nbsp;<\/p>\n<p>&nbsp;<\/p>\n<p>Vielha, 30 de abril de 2018<\/p>\n<p>&nbsp;<\/p>\n<p><em>Conselh Generau d&#8217;Aran: N\u00faria Sanjuan<\/em><\/p>\n<p><em>Fuente: C\u00e0ritas Val d&#8217;Aran<\/em><\/p>\n ","protected":false},"excerpt":{"rendered":"<p>El pr\u00f3ximo domingo 6 de mayo, d\u00eda de la madre, a partir de las 10h00 hasta las 14h00, C\u00e1ritas Val d\u2019Aran estar\u00e1 en los porches del Ayuntamiento de Vielha para vender flores, manualidades y ropa de segunda mano con el fin de recaudar fondos para el programa de infancia y juventud que C\u00e1ritas desarrolla en&#8230;<\/p>\n","protected":false},"author":2,"featured_media":21924,"comment_status":"closed","ping_status":"closed","sticky":false,"template":"","format":"standard","meta":{"footnotes":""},"categories":[34],"tags":[],"_links":{"self":[{"href":"https:\/\/www.conselharan.org\/es\/wp-json\/wp\/v2\/posts\/21929"}],"collection":[{"href":"https:\/\/www.conselharan.org\/es\/wp-json\/wp\/v2\/posts"}],"about":[{"href":"https:\/\/www.conselharan.org\/es\/wp-json\/wp\/v2\/types\/post"}],"author":[{"embeddable":true,"href":"https:\/\/www.conselharan.org\/es\/wp-json\/wp\/v2\/users\/2"}],"replies":[{"embeddable":true,"href":"https:\/\/www.conselharan.org\/es\/wp-json\/wp\/v2\/comments?post=21929"}],"version-history":[{"count":1,"href":"https:\/\/www.conselharan.org\/es\/wp-json\/wp\/v2\/posts\/21929\/revisions"}],"predecessor-version":[{"id":21930,"href":"https:\/\/www.conselharan.org\/es\/wp-json\/wp\/v2\/posts\/21929\/revisions\/21930"}],"wp:featuredmedia":[{"embeddable":true,"href":"https:\/\/www.conselharan.org\/es\/wp-json\/wp\/v2\/media\/21924"}],"wp:attachment":[{"href":"https:\/\/www.conselharan.org\/es\/wp-json\/wp\/v2\/media?parent=21929"}],"wp:term":[{"taxonomy":"category","embeddable":true,"href":"https:\/\/www.conselharan.org\/es\/wp-json\/wp\/v2\/categories?post=21929"},{"taxonomy":"post_tag","embeddable":true,"href":"https:\/\/www.conselharan.org\/es\/wp-json\/wp\/v2\/tags?post=21929"}],"curies":[{"name":"wp","href":"https:\/\/api.w.org\/{rel}","templated":true}]}}