{"id":22320,"date":"2018-05-16T15:16:01","date_gmt":"2018-05-16T13:16:01","guid":{"rendered":"http:\/\/www.conselharan.org\/?p=22320"},"modified":"2018-05-16T15:19:18","modified_gmt":"2018-05-16T13:19:18","slug":"el-govern-del-conselh-generau-daran-se-reune-para-valorar-el-desprendimiento-en-la-ribera-de-valarties","status":"publish","type":"post","link":"https:\/\/www.conselharan.org\/es\/el-govern-del-conselh-generau-daran-se-reune-para-valorar-el-desprendimiento-en-la-ribera-de-valarties\/","title":{"rendered":"El Gov\u00e8rn del Conselh Generau d\u2019Aran se re\u00fane para valorar el desprendimiento en la ribera de Valarties"},"content":{"rendered":"<p><a href=\"http:\/\/www.conselharan.org\/eth-govern-deth-conselh-generau-daran-samasse-enta-avalorar-er-esbaucament-ena-ribera-de-valarties\/dsc_0005-2\/\" rel=\"attachment wp-att-22315\"><img loading=\"lazy\" decoding=\"async\" class=\"aligncenter size-large wp-image-22315\" src=\"http:\/\/www.conselharan.org\/wp-content\/uploads\/2018\/05\/DSC_0005-1024x685.jpg\" alt=\"\" width=\"1024\" height=\"685\" srcset=\"https:\/\/www.conselharan.org\/wp-content\/uploads\/2018\/05\/DSC_0005-1024x685.jpg 1024w, https:\/\/www.conselharan.org\/wp-content\/uploads\/2018\/05\/DSC_0005-300x201.jpg 300w, https:\/\/www.conselharan.org\/wp-content\/uploads\/2018\/05\/DSC_0005-768x514.jpg 768w\" sizes=\"(max-width: 1024px) 100vw, 1024px\" \/><\/a><\/p>\n<p>&nbsp;<\/p>\n<p>El sindic de Aran, <strong>Carlos Barrera,<\/strong> se ha reunido con el <strong>equipo de Gov\u00e8rn del Conselh Generau d\u2019Aran<\/strong> y con el ge\u00f3logo del Conselh Generau d\u2019Aran, <strong>Jordi Gavald\u00e0<\/strong>, para hablar sobre el estado de la pista de la ribera de Valarties despu\u00e9s del desprendimiento del pasado s\u00e1bado, 12 de mayo.<\/p>\n<p>La pista ya se abri\u00f3 el lunes, 13 de mayo, gracias a la intervenci\u00f3n conjunta del Conselh Generau d\u2019Aran y el <strong>Ayuntamiento de Naut Aran<\/strong>.<\/p>\n<p>En un punto del desprendimiento hab\u00eda una l\u00ednea el\u00e9ctrica de media tensi\u00f3n que Endesa dej\u00f3 fuera de servicio para garantizar la seguridad de las personas que se encontraban trabajando con las m\u00e1quinas. La rapidez para poder abrir el tramo de la pista de Valarties afectada se debe de tambi\u00e9n a la predisposici\u00f3n de la empresa <strong>Hormaran<\/strong>.<\/p>\n<p>Los dep\u00f3sitos de agua potable no han sufrido ning\u00fan desperfecto estructural y se garantiza as\u00ed el servicio de agua potable en el pueblo de Arties.<\/p>\n<p>El sindic de Aran, <strong>Carlos Barrera<\/strong>, ha explicado que se ha pedido al <strong>Instituto Cartogr\u00e1fico y Geol\u00f3gico de Catalu\u00f1a<\/strong> un estudio para aclarar las causas del desprendimiento.<\/p>\n<p>A la <strong>Confederaci\u00f3n Hidrogr\u00e1fica del Ebro<\/strong> se ha solicitado que determine nuevamente la limitaci\u00f3n del r\u00edo Valarties y as\u00ed facilitar a los propietarios de las fincas afectadas la recuperaci\u00f3n de los mismos.<\/p>\n<p>A <strong>ENDESA<\/strong> se ha pedido hacer un recorrido por el interior del canal junto con las ge\u00f3logos del Conselh Generau d\u2019Aran y del Instituto Cartogr\u00e1fico y Geol\u00f3gico de Catalu\u00f1a para constatar el estado del canal y poder completar el an\u00e1lisis integral de la configuraci\u00f3n de la monta\u00f1a.<\/p>\n<p>&nbsp;<\/p>\n<p>&nbsp;<\/p>\n<p>&nbsp;<\/p>\n<p>Vielha, 16 de mayo de 2018<\/p>\n<p>&nbsp;<\/p>\n<p><em>Conselh Generau d&#8217;Aran: N\u00faria Sanjuan<\/em><\/p>\n ","protected":false},"excerpt":{"rendered":"<p>&nbsp; El sindic de Aran, Carlos Barrera, se ha reunido con el equipo de Gov\u00e8rn del Conselh Generau d\u2019Aran y con el ge\u00f3logo del Conselh Generau d\u2019Aran, Jordi Gavald\u00e0, para hablar sobre el estado de la pista de la ribera de Valarties despu\u00e9s del desprendimiento del pasado s\u00e1bado, 12 de mayo. La pista ya se&#8230;<\/p>\n","protected":false},"author":2,"featured_media":22315,"comment_status":"closed","ping_status":"closed","sticky":false,"template":"","format":"standard","meta":{"footnotes":""},"categories":[52,126,37],"tags":[],"_links":{"self":[{"href":"https:\/\/www.conselharan.org\/es\/wp-json\/wp\/v2\/posts\/22320"}],"collection":[{"href":"https:\/\/www.conselharan.org\/es\/wp-json\/wp\/v2\/posts"}],"about":[{"href":"https:\/\/www.conselharan.org\/es\/wp-json\/wp\/v2\/types\/post"}],"author":[{"embeddable":true,"href":"https:\/\/www.conselharan.org\/es\/wp-json\/wp\/v2\/users\/2"}],"replies":[{"embeddable":true,"href":"https:\/\/www.conselharan.org\/es\/wp-json\/wp\/v2\/comments?post=22320"}],"version-history":[{"count":1,"href":"https:\/\/www.conselharan.org\/es\/wp-json\/wp\/v2\/posts\/22320\/revisions"}],"predecessor-version":[{"id":22321,"href":"https:\/\/www.conselharan.org\/es\/wp-json\/wp\/v2\/posts\/22320\/revisions\/22321"}],"wp:featuredmedia":[{"embeddable":true,"href":"https:\/\/www.conselharan.org\/es\/wp-json\/wp\/v2\/media\/22315"}],"wp:attachment":[{"href":"https:\/\/www.conselharan.org\/es\/wp-json\/wp\/v2\/media?parent=22320"}],"wp:term":[{"taxonomy":"category","embeddable":true,"href":"https:\/\/www.conselharan.org\/es\/wp-json\/wp\/v2\/categories?post=22320"},{"taxonomy":"post_tag","embeddable":true,"href":"https:\/\/www.conselharan.org\/es\/wp-json\/wp\/v2\/tags?post=22320"}],"curies":[{"name":"wp","href":"https:\/\/api.w.org\/{rel}","templated":true}]}}