{"id":22394,"date":"2018-05-22T13:24:09","date_gmt":"2018-05-22T11:24:09","guid":{"rendered":"http:\/\/www.conselharan.org\/?p=22394"},"modified":"2018-05-22T13:24:09","modified_gmt":"2018-05-22T11:24:09","slug":"abierto-el-plazo-para-solicitar-las-ayudas-para-estudiantes-universitariosas-del-valle-de-aran-para-el-curso-20172018","status":"publish","type":"post","link":"https:\/\/www.conselharan.org\/es\/abierto-el-plazo-para-solicitar-las-ayudas-para-estudiantes-universitariosas-del-valle-de-aran-para-el-curso-20172018\/","title":{"rendered":"Abierto el plazo para solicitar las ayudas para estudiantes universitarios\/as del Valle de Aran para el curso 2017\/2018"},"content":{"rendered":"<p><strong>El periodo para presentar las solicitudes ser\u00e1 hasta el pr\u00f3ximo d\u00eda 18 de junio de 2018<\/strong><\/p>\n<p>Vielha, 21 de mayo de 2018.- El Conselh Generau d\u2019Aran, mediante la Oficina de Juventud, dar\u00e1 apoyo a la convocatoria de las ayudas para los estudiantes universitarios de las comarcas del \u00e1mbito de Aran y del Alto Pirineo (APA).<\/p>\n<p><a href=\"http:\/\/www.conselharan.org\/wp-content\/uploads\/2018\/05\/180521_AjudesestudiantsJoenessa.png\"><img loading=\"lazy\" decoding=\"async\" class=\"aligncenter size-large wp-image-22389\" src=\"http:\/\/www.conselharan.org\/wp-content\/uploads\/2018\/05\/180521_AjudesestudiantsJoenessa-1024x536.png\" alt=\"\" width=\"1024\" height=\"536\" srcset=\"https:\/\/www.conselharan.org\/wp-content\/uploads\/2018\/05\/180521_AjudesestudiantsJoenessa-1024x536.png 1024w, https:\/\/www.conselharan.org\/wp-content\/uploads\/2018\/05\/180521_AjudesestudiantsJoenessa-300x157.png 300w, https:\/\/www.conselharan.org\/wp-content\/uploads\/2018\/05\/180521_AjudesestudiantsJoenessa-768x402.png 768w, https:\/\/www.conselharan.org\/wp-content\/uploads\/2018\/05\/180521_AjudesestudiantsJoenessa.png 1201w\" sizes=\"(max-width: 1024px) 100vw, 1024px\" \/><\/a><\/p>\n<p>Las becas se dirigen a estudiantes de las universidades p\u00fablicas catalanas.<\/p>\n<p>Estas ayudas se conceder\u00e1n para la movilidad, esta movilidad se entiende como desplazamiento y alojamiento fuera de la comarca donde se tiene la residencia familiar. Pueden ser beneficiarios los estudiantes que cumplan los requisitos que siguen.<\/p>\n<p><strong>Requisitos generales: <\/strong><\/p>\n<ol>\n<li>Tener la nacionalidad espa\u00f1ola o de alg\u00fan estado miembro de la Uni\u00f3n Europea. En caso de los estudiantes extranjeros no-comunitarios tienen que acreditar su condici\u00f3n de residentes.<\/li>\n<li>Residir en una de las siete comarcas: Aran, Alt Urgell, Alta Ribagor\u00e7a, Cerdanya, Pallars Juss\u00e0, Pallars Sobir\u00e0 y Solson\u00e8s, como m\u00ednimo desde el 1 de enero de 2015.<\/li>\n<\/ol>\n<p><strong>Requisitos acad\u00e9micos: <\/strong><\/p>\n<ol>\n<li>Estar inscrito o inscrita en una universidad del sistema universitario catal\u00e1n el <strong>curso<\/strong> <strong>2017-2018<\/strong> en unos estudios encaminados a la obtenci\u00f3n de un t\u00edtulo oficial de grado, licenciatura, ingenier\u00eda, arquitectura, diplomatura o ense\u00f1anzas universitarias t\u00e9cnicas.<\/li>\n<li>Estar inscrito o inscrita en unos estudios que se impartan de manera presencial.<\/li>\n<li>En los estudios de grado, estar inscrito o inscrita en el curso actual de 60 cr\u00e9ditos, en el caso de inscripci\u00f3n para el curso completo, o de 30 cr\u00e9ditos, en los casos de inscripci\u00f3n semestral, para cada semestre. en el caso de estar inscrito en un n\u00famero inferior de cr\u00e9ditos, es necesario aportar una acreditaci\u00f3n del centro que justifica que se ha inscrito del n\u00famero m\u00e1ximo de cr\u00e9ditos acorde con la organizaci\u00f3n administrativa del centro. No pueden acogerse a aquella opci\u00f3n los alumnos que, debido a su rendimiento acad\u00e9mico en los cursos anteriores, no se hayan podido inscribir en el n\u00famero de cr\u00e9ditos previstos.<\/li>\n<li>Tener superado el 80% de los cr\u00e9ditos inscritos en el curso anterior o en el \u00faltimo curso efectuado en las ense\u00f1anzas de las ramas de conocimiento de artes y humanidades, ciencias, ciencias de la salud y ciencias sociales y jur\u00eddicas y el 60%, en caso de las ense\u00f1anzas t\u00e9cnicas de las ramas de conocimiento de ingenier\u00eda y arquitectura, s\u00f3lo en caso de las personas solicitantes que no inician por primera vez estudios universitarios el curso 2017-2018.<\/li>\n<li>Permanecen excluidos de esta convocatoria las personas que tengan alguna titulaci\u00f3n universitaria superior y las personas que tengan la independencia familiar y econ\u00f3mica de su unidad familiar.<\/li>\n<\/ol>\n<p><strong>Requisitos econ\u00f3micos: <\/strong><\/p>\n<p>Es necesario no sobrepasar los l\u00edmites de renta familiar disponible y de patrimonio establecidos.<\/p>\n<p>El importe m\u00e1ximo para cada ayuda ser\u00e1 de 2.000 euros.<\/p>\n<p><strong>Solicitudes y documentaci\u00f3n: <\/strong><\/p>\n<p>La solicitud tiene que completarse mediante el formulario accesible v\u00eda internet a trav\u00e9s de la sede electr\u00f3nica de la Generalitat de Catalunya.<\/p>\n<p><strong>Documentaci\u00f3n a adjuntar:<\/strong><\/p>\n<ul>\n<li>Fotocopia del documento nacional de identidad del\/de la solicitante y de todos los miembros computables de la unidad familiar mayores de 14 a\u00f1os.<\/li>\n<li>N\u00famero de la cuenta bancaria de la persona solicitante.<\/li>\n<li>Certificado municipal de convivencia donde consta la fecha de inscripci\u00f3n en el padr\u00f3n de la persona solicitante en un municipio de las comarcas mencionadas, al menos desde el 1 de enero de 2015. En el caso que las personas se hayan empadronado posteriormente al 1 de enero de 2015, adem\u00e1s del certificado de convivencia donde consta la fecha de alta del padr\u00f3n municipal de toda la unidad familiar, es necesario presentar la documentaci\u00f3n acreditativa del centro de ense\u00f1anza donde la persona solicitante ha estudiado el curso 2015-2016 y\/o cualquier otra documentaci\u00f3n que sea acreditativa de esta circunstancia.<\/li>\n<li>Fotocopia del impreso de la matr\u00edcula universitaria correspondiente al curso 2017-2018 con la acreditaci\u00f3n que se ha hecho efectivo el pago. Si se ha optado por la matr\u00edcula semestral, es necesario presentar el de los dos semestres.<\/li>\n<li>Fotocopia del impreso de la matr\u00edcula universitaria correspondiente al curso 2016-2017. Si se ha optado por la matr\u00edcula semestral, es necesario presentar el de los dos semestres (s\u00f3lo en caso de las personas solicitantes que no inician por primera vez estudios universitarios el curso 2017-2018).<\/li>\n<li>Certificaci\u00f3n acad\u00e9mica completa, donde constan las asignaturas y la convocatoria en que se han obtenido, en el caso de las personas solicitantes que no cursan por primera vez estudios universitarios. En esta certificaci\u00f3n tambi\u00e9n tiene que constar, de manera clara, el total de cr\u00e9ditos matriculados y el total de cr\u00e9ditos aprobados en el curso acad\u00e9mico 2016-2017.<\/li>\n<li>En el caso de las personas solicitantes que cursan por primera vez estudios universitarios nota PAU.<\/li>\n<li>En los casos que el estudiante no se haya matriculado de la cantidad de cr\u00e9ditos exigidos por la convocatoria, es necesario justificar que se ha matriculado del n\u00famero m\u00e1ximo de cr\u00e9ditos de acuerdo con la organizaci\u00f3n administrativa del centro o por el motivo de finalizar los estudios.<\/li>\n<\/ul>\n<p>Para que ning\u00fan joven del Valle de Aran se quede sin poder participar en esta convocatoria, la Oficina de Juventud del Conselh Generau d\u2019Aran facilitar\u00e1 la tramitaci\u00f3n de la documentaci\u00f3n de esta l\u00ednea de ayudas.<\/p>\n<p><strong>Para solicitar esta ayuda pueden dirigirse a la Oficina de Juventud, con cita previa, situada en la Calle Mayor 36, en el horario de atenci\u00f3n al p\u00fablico: de lunes a viernes de 08:00 a 15:00 horas. Tel\u00e9fono: 973640625 <\/strong><\/p>\n<p><strong>El t\u00e9rmino para presentar las solicitudes ser\u00e1 hasta el pr\u00f3ximo d\u00eda 18 de junio de 2018.<\/strong><\/p>\n ","protected":false},"excerpt":{"rendered":"<p>El periodo para presentar las solicitudes ser\u00e1 hasta el pr\u00f3ximo d\u00eda 18 de junio de 2018 Vielha, 21 de mayo de 2018.- El Conselh Generau d\u2019Aran, mediante la Oficina de Juventud, dar\u00e1 apoyo a la convocatoria de las ayudas para los estudiantes universitarios de las comarcas del \u00e1mbito de Aran y del Alto Pirineo (APA)&#8230;.<\/p>\n","protected":false},"author":2,"featured_media":22392,"comment_status":"closed","ping_status":"closed","sticky":false,"template":"","format":"standard","meta":{"footnotes":""},"categories":[34],"tags":[],"_links":{"self":[{"href":"https:\/\/www.conselharan.org\/es\/wp-json\/wp\/v2\/posts\/22394"}],"collection":[{"href":"https:\/\/www.conselharan.org\/es\/wp-json\/wp\/v2\/posts"}],"about":[{"href":"https:\/\/www.conselharan.org\/es\/wp-json\/wp\/v2\/types\/post"}],"author":[{"embeddable":true,"href":"https:\/\/www.conselharan.org\/es\/wp-json\/wp\/v2\/users\/2"}],"replies":[{"embeddable":true,"href":"https:\/\/www.conselharan.org\/es\/wp-json\/wp\/v2\/comments?post=22394"}],"version-history":[{"count":1,"href":"https:\/\/www.conselharan.org\/es\/wp-json\/wp\/v2\/posts\/22394\/revisions"}],"predecessor-version":[{"id":22395,"href":"https:\/\/www.conselharan.org\/es\/wp-json\/wp\/v2\/posts\/22394\/revisions\/22395"}],"wp:featuredmedia":[{"embeddable":true,"href":"https:\/\/www.conselharan.org\/es\/wp-json\/wp\/v2\/media\/22392"}],"wp:attachment":[{"href":"https:\/\/www.conselharan.org\/es\/wp-json\/wp\/v2\/media?parent=22394"}],"wp:term":[{"taxonomy":"category","embeddable":true,"href":"https:\/\/www.conselharan.org\/es\/wp-json\/wp\/v2\/categories?post=22394"},{"taxonomy":"post_tag","embeddable":true,"href":"https:\/\/www.conselharan.org\/es\/wp-json\/wp\/v2\/tags?post=22394"}],"curies":[{"name":"wp","href":"https:\/\/api.w.org\/{rel}","templated":true}]}}