{"id":22563,"date":"2018-06-01T11:11:53","date_gmt":"2018-06-01T09:11:53","guid":{"rendered":"http:\/\/www.conselharan.org\/?p=22563"},"modified":"2018-06-01T11:11:53","modified_gmt":"2018-06-01T09:11:53","slug":"la-diputacion-de-lleida-aporta-329-000-e-al-proyecto-de-mejora-de-la-accesibilidad-a-los-espacios-naturales-de-la-val-daran","status":"publish","type":"post","link":"https:\/\/www.conselharan.org\/es\/la-diputacion-de-lleida-aporta-329-000-e-al-proyecto-de-mejora-de-la-accesibilidad-a-los-espacios-naturales-de-la-val-daran\/","title":{"rendered":"La Diputaci\u00f3n de Lleida aporta 329.000 \u20ac al proyecto de Mejora de la accesibilidad a los espacios naturales de la Val d\u2019Aran"},"content":{"rendered":"<p>Vielha, 1 de junio de 2018.- El Pleno de la Diputaci\u00f3n de Lleida ha aprobado mediante un convenio de colaboraci\u00f3n con el Conselh Generau d\u2019Aran, <strong>la aportaci\u00f3n de 329.000 euros para la financiaci\u00f3n del programa de Mejora de la accesibilidad los espacios naturales<\/strong> que el Conselh Generau d\u2019Aran desarrolla con fondos provenientes de los proyectos FEDER 2014-2020 de acciones destinadas a la conservaci\u00f3n de accesos al patrimonio natural y cultural de gran valor paisaj\u00edstico, patrimonial e hist\u00f3rico del Valle de Aran.<\/p>\n<p><a href=\"http:\/\/www.conselharan.org\/wp-content\/uploads\/2018\/06\/Colomers1.jpg\"><img loading=\"lazy\" decoding=\"async\" class=\"aligncenter wp-image-22556 size-full\" src=\"http:\/\/www.conselharan.org\/wp-content\/uploads\/2018\/06\/Colomers1.jpg\" alt=\"\" width=\"640\" height=\"384\" srcset=\"https:\/\/www.conselharan.org\/wp-content\/uploads\/2018\/06\/Colomers1.jpg 640w, https:\/\/www.conselharan.org\/wp-content\/uploads\/2018\/06\/Colomers1-300x180.jpg 300w\" sizes=\"(max-width: 640px) 100vw, 640px\" \/><\/a><\/p>\n<p>En este periodo el Conselh Generau d\u2019Aran destina 1.592.000 \u20ac a la conservaci\u00f3n de accesos al patrimonio natural y cultural del Valle de Aran, de los cuales 657.000 \u20ac son provenientes del eje prioritario 6 del fondo FEDER 2014 a 2020, para la puesta en valor del patrimonio natural y cultural que permita la sostenibilidad de destinos tur\u00edsticos en el territorio, a los que ahora se a\u00f1ade la financiaci\u00f3n de la Diputaci\u00f3n de Lleida.<\/p>\n<p>El proyecto del Conselh Generau d\u2019Aran, engloba todos los municipios de la Val d\u2019Aran y presenta un conjunto de intervenciones y obras importantes para arreglar y recuperar todo un conjunto de v\u00edas de acceso al medio natural del Valle de Aran, mediante diferentes actuaciones de mejoras y arreglos de accesos a las \u00e1reas naturales destacables del Aran, para hacerlas visitables y accesibles tur\u00edsticamente, prestando especial atenci\u00f3n tambi\u00e9n a las necesidades de las personas con movilidad reducida.<\/p>\n<p><a href=\"http:\/\/www.conselharan.org\/wp-content\/uploads\/2018\/06\/Colomers3.jpg\"><img loading=\"lazy\" decoding=\"async\" class=\"aligncenter size-full wp-image-22557\" src=\"http:\/\/www.conselharan.org\/wp-content\/uploads\/2018\/06\/Colomers3.jpg\" alt=\"\" width=\"640\" height=\"360\" srcset=\"https:\/\/www.conselharan.org\/wp-content\/uploads\/2018\/06\/Colomers3.jpg 640w, https:\/\/www.conselharan.org\/wp-content\/uploads\/2018\/06\/Colomers3-300x169.jpg 300w\" sizes=\"(max-width: 640px) 100vw, 640px\" \/><\/a><\/p>\n<p>En este sentido, el sindic d\u2019Aran, <strong>Carlos Barrera<\/strong>, ha manifestado que \u00abel medio natural, es un recurso tur\u00edstico de primer orden para la Val d\u2019Aran durante muchos meses del a\u00f1o, y este proyecto se enmarca en la l\u00ednea de trabajo del Conselh Generau d\u2019Aran, qu\u00e9 desde su restituci\u00f3n en 1990, y los posteriores traspasos de competencias en turismo y medio natural de la Generalitat de Catalunya, ha llevado a cabo para hacer visitables estos espacios y protegerlos\u00bb.<\/p>\n<p>El arreglo de las pistas forestales tambi\u00e9n facilitar\u00e1 el acceso a los refugios de alta monta\u00f1a como el de Restanca, Colomers, Saboredo, o los de la Artiga de Lin y Aneto por la ribera de la Artiga y el itinerario de acceso al Montlude.<\/p>\n<p>El presidente de la Diputaci\u00f3n de Lleida, <strong>Joan Re\u00f1\u00e9<\/strong>, ha explicado que \u00abla Diputaci\u00f3n apoy\u00f3 al Conselh Generau d\u2019Aran en la presentaci\u00f3n de la solicitud de subvenci\u00f3n a la convocatoria FEDER, al considerar su inter\u00e9s estrat\u00e9gico para la Val d&#8217;Aran, ya que la finalidad de esta financiaci\u00f3n es satisfacer objetivos y necesidades locales que contribuyan a la realizaci\u00f3n de la estrategia 2020 de la Uni\u00f3n Europea para un crecimiento sostenible, inteligente e integrador\u00bb.<\/p>\n<p><a href=\"http:\/\/www.conselharan.org\/wp-content\/uploads\/2018\/06\/footer-FEDER.jpg\"><img loading=\"lazy\" decoding=\"async\" class=\"aligncenter size-large wp-image-22559\" src=\"http:\/\/www.conselharan.org\/wp-content\/uploads\/2018\/06\/footer-FEDER-1024x233.jpg\" alt=\"\" width=\"1024\" height=\"233\" srcset=\"https:\/\/www.conselharan.org\/wp-content\/uploads\/2018\/06\/footer-FEDER-1024x233.jpg 1024w, https:\/\/www.conselharan.org\/wp-content\/uploads\/2018\/06\/footer-FEDER-300x68.jpg 300w, https:\/\/www.conselharan.org\/wp-content\/uploads\/2018\/06\/footer-FEDER-768x175.jpg 768w, https:\/\/www.conselharan.org\/wp-content\/uploads\/2018\/06\/footer-FEDER.jpg 1200w\" sizes=\"(max-width: 1024px) 100vw, 1024px\" \/><\/a><\/p>\n ","protected":false},"excerpt":{"rendered":"<p>Vielha, 1 de junio de 2018.- El Pleno de la Diputaci\u00f3n de Lleida ha aprobado mediante un convenio de colaboraci\u00f3n con el Conselh Generau d\u2019Aran, la aportaci\u00f3n de 329.000 euros para la financiaci\u00f3n del programa de Mejora de la accesibilidad los espacios naturales que el Conselh Generau d\u2019Aran desarrolla con fondos provenientes de los proyectos&#8230;<\/p>\n","protected":false},"author":2,"featured_media":22556,"comment_status":"closed","ping_status":"closed","sticky":false,"template":"","format":"standard","meta":{"footnotes":""},"categories":[52,37],"tags":[],"_links":{"self":[{"href":"https:\/\/www.conselharan.org\/es\/wp-json\/wp\/v2\/posts\/22563"}],"collection":[{"href":"https:\/\/www.conselharan.org\/es\/wp-json\/wp\/v2\/posts"}],"about":[{"href":"https:\/\/www.conselharan.org\/es\/wp-json\/wp\/v2\/types\/post"}],"author":[{"embeddable":true,"href":"https:\/\/www.conselharan.org\/es\/wp-json\/wp\/v2\/users\/2"}],"replies":[{"embeddable":true,"href":"https:\/\/www.conselharan.org\/es\/wp-json\/wp\/v2\/comments?post=22563"}],"version-history":[{"count":1,"href":"https:\/\/www.conselharan.org\/es\/wp-json\/wp\/v2\/posts\/22563\/revisions"}],"predecessor-version":[{"id":22564,"href":"https:\/\/www.conselharan.org\/es\/wp-json\/wp\/v2\/posts\/22563\/revisions\/22564"}],"wp:featuredmedia":[{"embeddable":true,"href":"https:\/\/www.conselharan.org\/es\/wp-json\/wp\/v2\/media\/22556"}],"wp:attachment":[{"href":"https:\/\/www.conselharan.org\/es\/wp-json\/wp\/v2\/media?parent=22563"}],"wp:term":[{"taxonomy":"category","embeddable":true,"href":"https:\/\/www.conselharan.org\/es\/wp-json\/wp\/v2\/categories?post=22563"},{"taxonomy":"post_tag","embeddable":true,"href":"https:\/\/www.conselharan.org\/es\/wp-json\/wp\/v2\/tags?post=22563"}],"curies":[{"name":"wp","href":"https:\/\/api.w.org\/{rel}","templated":true}]}}