{"id":22612,"date":"2018-06-04T17:27:56","date_gmt":"2018-06-04T15:27:56","guid":{"rendered":"http:\/\/www.conselharan.org\/comence-a-foncionar-provisionauments-era-prumera-fasa-deth-nau-centre-de-recuelhuda-de-residus-de-beusa\/"},"modified":"2018-06-04T17:50:16","modified_gmt":"2018-06-04T15:50:16","slug":"comence-a-foncionar-provisionauments-era-prumera-fasa-deth-nau-centre-de-recuelhuda-de-residus-de-beusa","status":"publish","type":"post","link":"https:\/\/www.conselharan.org\/es\/comence-a-foncionar-provisionauments-era-prumera-fasa-deth-nau-centre-de-recuelhuda-de-residus-de-beusa\/","title":{"rendered":"Comienza a funcionar provisionalmente la primera fase del nuevo centro de recogida de residuos de B\u00e8usa"},"content":{"rendered":"<p>Vielha, 4 de junio de 2018.- Hoy lunes ha entrado en servicio provisionalmente la primera fase del nuevo centro de recogida de residuos de B\u00e8usa en Vielha e Mijaran. La puesta en marcha progresiva de este nuevo equipamiento significar\u00e1 una mejora muy importante de la gesti\u00f3n ambiental y facilitar\u00e1 a\u00fan m\u00e1s la colaboraci\u00f3n ciudadana en la gesti\u00f3n sostenible del medio ambiente.<\/p>\n<p><a href=\"http:\/\/www.conselharan.org\/wp-content\/uploads\/2018\/06\/180604_Beusa3.jpg\"><img loading=\"lazy\" decoding=\"async\" class=\"aligncenter size-large wp-image-22609\" src=\"http:\/\/www.conselharan.org\/wp-content\/uploads\/2018\/06\/180604_Beusa3-1024x683.jpg\" alt=\"\" width=\"1024\" height=\"683\" srcset=\"https:\/\/www.conselharan.org\/wp-content\/uploads\/2018\/06\/180604_Beusa3-1024x683.jpg 1024w, https:\/\/www.conselharan.org\/wp-content\/uploads\/2018\/06\/180604_Beusa3-300x200.jpg 300w, https:\/\/www.conselharan.org\/wp-content\/uploads\/2018\/06\/180604_Beusa3-768x512.jpg 768w\" sizes=\"(max-width: 1024px) 100vw, 1024px\" \/><\/a><\/p>\n<p>&nbsp;<\/p>\n<p>La nueva instalaci\u00f3n est\u00e1 construida sobre una parcela de unos 4.200 m2 cedida por la ACA (Agencia Catalana del Agua) al Conselh Generau d\u2019Aran para la adecuaci\u00f3n de la instalaci\u00f3n del centro de recogida que result\u00f3 da\u00f1ado durante los aguaceros de 2013.<\/p>\n<p>La construcci\u00f3n del centro de recogida se realiza en dos fases. La primera fase de construcci\u00f3n de este nuevo equipamiento ha tenido un presupuesto de 295.438,65 \u20ac, de los que la Agencia de Residuos de Catalunya aporta 250.000 \u20ac. El nuevo centro de recogida se pondr\u00e1 en marcha con 7 de los 14 muelles de los que dispondr\u00e1 el equipamiento una vez se haya completado la segunda fase de construcci\u00f3n. El Conselh Generau d\u2019Aran tiene previsto ejecutar en breve esta segunda fase para la que ya cuenta con la financiaci\u00f3n de la Agencia de Residuos de Catalunya y del sistema integrado de gesti\u00f3n Ecoembes. Una vez terminadas las obras, este nuevo equipamiento permitir\u00e1 optimizar la gesti\u00f3n del servicio de recogida selectiva de residuos municipales en todo el Valle de Aran. Esta segunda fase est\u00e1 presupuestada en 597.943 \u20ac.<\/p>\n<p>&nbsp;<\/p>\n<p><a href=\"http:\/\/www.conselharan.org\/wp-content\/uploads\/2018\/06\/180604_Beusa2.jpg\"><img loading=\"lazy\" decoding=\"async\" class=\"aligncenter size-large wp-image-22608\" src=\"http:\/\/www.conselharan.org\/wp-content\/uploads\/2018\/06\/180604_Beusa2-1024x576.jpg\" alt=\"\" width=\"1024\" height=\"576\" srcset=\"https:\/\/www.conselharan.org\/wp-content\/uploads\/2018\/06\/180604_Beusa2-1024x576.jpg 1024w, https:\/\/www.conselharan.org\/wp-content\/uploads\/2018\/06\/180604_Beusa2-300x169.jpg 300w, https:\/\/www.conselharan.org\/wp-content\/uploads\/2018\/06\/180604_Beusa2-768x432.jpg 768w, https:\/\/www.conselharan.org\/wp-content\/uploads\/2018\/06\/180604_Beusa2.jpg 1920w\" sizes=\"(max-width: 1024px) 100vw, 1024px\" \/><\/a><\/p>\n<p>El nuevo centro de recogida de residuos, se instala en un recinto vallado que tiene una b\u00e1scula en la entrada donde se recibir\u00e1 a los usuarios que subir\u00e1n por una rampa en el muelle de las diferentes cajas de residuos generados, debidamente se\u00f1alizadas, y, una vez depositados los residuos en la caja correspondiente, el usuario continuar\u00e1 para bajar por una segunda rampa habilitada al final del muelle y volver\u00e1 a la b\u00e1scula de recepci\u00f3n donde el operario le entregar\u00e1 el correspondiente albar\u00e1n de entrada con descripci\u00f3n de las caracter\u00edsticas de los materiales depositados en el centro de recogida, tipo de residuo, cantidad, fecha, hora, peso, etc. Los usuarios no particulares abonar\u00e1n las tarifas aprobadas por una nueva ordenanza reguladora del uso de los centros de recogida de residuos aprobada por el Conselh Generau d\u2019Aran.<\/p>\n<p>En una visita realizada hoy al nuevo equipamiento, el sindic d\u2019Aran, <strong>Carlos Barrera<\/strong>, explic\u00f3 que actualmente hay construido casi un 50% de la instalaci\u00f3n, aunque todav\u00eda falta un edificio donde se ubicar\u00e1 toda la maquinaria de trituraci\u00f3n y que piensa que la totalidad de la misma entrar\u00e1 en funcionamiento en el mes de septiembre de este a\u00f1o. La nueva recogida seg\u00fan el sindic d\u2019Aran, abre un nuevo modelo de gesti\u00f3n y racionalizaci\u00f3n de los residuos en el Valle de Aran. Barrera, se refiri\u00f3 tambi\u00e9n a que, con la entrada en funcionamiento del centro, cuando \u00e9ste funcione a pleno rendimiento, el Gobierno de Aran reducir\u00e1 en un 60% el coste econ\u00f3mico de la gesti\u00f3n de los residuos, que ahora mismo es de 180.000 \u20ac anuales.<\/p>\n<p><iframe loading=\"lazy\" src=\"https:\/\/www.youtube.com\/embed\/-ovB5XPxaAg\" width=\"560\" height=\"315\" frameborder=\"0\" allowfullscreen=\"allowfullscreen\"><\/iframe><\/p>\n<p>Los diferentes residuos gestionados en el centro son enviados a los gestores homologados correspondientes, ya sea con la misma caja donde se deposita el residuo, o en jaulas habilitadas para el transporte seg\u00fan la naturaleza del producto.<\/p>\n<p>Se estima que el n\u00famero de cajas de 30 m3 que salen mensualmente de la recogida oscila entre 40 y 50. Cuando la segunda fase est\u00e9 terminada la instalaci\u00f3n estar\u00e1 preparada para compactar los materiales de las fracciones que as\u00ed lo permitan, como por ejemplo el cart\u00f3n y madera, con el objetivo de optimizar el servicio reduciendo el n\u00famero de viajes y el coste que ello representa para el Conselh Generau d\u2019Aran y para los ciudadanos.<\/p>\n<p>Actualmente la Val de Aran despu\u00e9s de los esfuerzos del Gobierno de Aran, y con la colaboraci\u00f3n de los grandes productores de residuos y de la ciudadan\u00eda aranesa, es el 11\u00ba territorio de Catalu\u00f1a donde m\u00e1s residuos se reciclan a trav\u00e9s de la recogida selectiva. El incremento progresivo y la consecuente mejora de los porcentajes demuestra el aumento de la concienciaci\u00f3n ciudadana sobre la importancia de la preservaci\u00f3n del medio ambiente.<\/p>\n<p>El consejero de Territorio de Aran, <strong>Jos\u00e9 A. Boya<\/strong>, y el consejero de Planificaci\u00f3n Territorial y Nuevas Tecnolog\u00edas e Innovaci\u00f3n, <strong>Cesar Ru\u00edz Canela<\/strong>, as\u00ed como el T\u00e9cnico de Gesti\u00f3n de Residuos del Conselh Generau d\u2019Aran, <strong>Josep M\u00aa Insausti<\/strong>, tambi\u00e9n han participado en la visita.<\/p>\n<p>Los horarios de los puntos limpios en el Valle de Aran son:<\/p>\n<p><strong>B\u00e8usa Vielha e Mijaran<\/strong><\/p>\n<p>Lunes: ma\u00f1ana de 08:30 a 13: 00h. Tarde cerrado.<\/p>\n<p>De martes a viernes: ma\u00f1ana de 08:30 a 13: 00h. Tarde de 15:00 a 18: 00h<\/p>\n<p>S\u00e1bado: ma\u00f1ana de 10:00 a 13: 00h<\/p>\n<p><strong>Gessa Naut Aran cerrada desde ma\u00f1ana 5 de junio.<\/strong><\/p>\n<p><strong>Tarter de Margalida Boss\u00f2st<\/strong><\/p>\n<p>De lunes a viernes: ma\u00f1ana de 08:00 a 13: 00h. Tarde de 14:30 a 19: 30h<\/p>\n<p>S\u00e1bado: ma\u00f1ana de 08:00 a13: 00h<\/p>\n<p><a href=\"http:\/\/www.conselharan.org\/wp-content\/uploads\/2018\/06\/180604_Beusa1.jpg\"><img loading=\"lazy\" decoding=\"async\" class=\"aligncenter size-large wp-image-22607\" src=\"http:\/\/www.conselharan.org\/wp-content\/uploads\/2018\/06\/180604_Beusa1-1024x576.jpg\" alt=\"\" width=\"1024\" height=\"576\" srcset=\"https:\/\/www.conselharan.org\/wp-content\/uploads\/2018\/06\/180604_Beusa1-1024x576.jpg 1024w, https:\/\/www.conselharan.org\/wp-content\/uploads\/2018\/06\/180604_Beusa1-300x169.jpg 300w, https:\/\/www.conselharan.org\/wp-content\/uploads\/2018\/06\/180604_Beusa1-768x432.jpg 768w, https:\/\/www.conselharan.org\/wp-content\/uploads\/2018\/06\/180604_Beusa1.jpg 1920w\" sizes=\"(max-width: 1024px) 100vw, 1024px\" \/><\/a><\/p>\n ","protected":false},"excerpt":{"rendered":"<p>Vielha, 4 de junio de 2018.- Hoy lunes ha entrado en servicio provisionalmente la primera fase del nuevo centro de recogida de residuos de B\u00e8usa en Vielha e Mijaran. La puesta en marcha progresiva de este nuevo equipamiento significar\u00e1 una mejora muy importante de la gesti\u00f3n ambiental y facilitar\u00e1 a\u00fan m\u00e1s la colaboraci\u00f3n ciudadana en&#8230;<\/p>\n","protected":false},"author":2,"featured_media":22609,"comment_status":"closed","ping_status":"closed","sticky":false,"template":"","format":"standard","meta":{"footnotes":""},"categories":[37],"tags":[],"_links":{"self":[{"href":"https:\/\/www.conselharan.org\/es\/wp-json\/wp\/v2\/posts\/22612"}],"collection":[{"href":"https:\/\/www.conselharan.org\/es\/wp-json\/wp\/v2\/posts"}],"about":[{"href":"https:\/\/www.conselharan.org\/es\/wp-json\/wp\/v2\/types\/post"}],"author":[{"embeddable":true,"href":"https:\/\/www.conselharan.org\/es\/wp-json\/wp\/v2\/users\/2"}],"replies":[{"embeddable":true,"href":"https:\/\/www.conselharan.org\/es\/wp-json\/wp\/v2\/comments?post=22612"}],"version-history":[{"count":3,"href":"https:\/\/www.conselharan.org\/es\/wp-json\/wp\/v2\/posts\/22612\/revisions"}],"predecessor-version":[{"id":22621,"href":"https:\/\/www.conselharan.org\/es\/wp-json\/wp\/v2\/posts\/22612\/revisions\/22621"}],"wp:featuredmedia":[{"embeddable":true,"href":"https:\/\/www.conselharan.org\/es\/wp-json\/wp\/v2\/media\/22609"}],"wp:attachment":[{"href":"https:\/\/www.conselharan.org\/es\/wp-json\/wp\/v2\/media?parent=22612"}],"wp:term":[{"taxonomy":"category","embeddable":true,"href":"https:\/\/www.conselharan.org\/es\/wp-json\/wp\/v2\/categories?post=22612"},{"taxonomy":"post_tag","embeddable":true,"href":"https:\/\/www.conselharan.org\/es\/wp-json\/wp\/v2\/tags?post=22612"}],"curies":[{"name":"wp","href":"https:\/\/api.w.org\/{rel}","templated":true}]}}