{"id":22667,"date":"2018-06-08T00:24:10","date_gmt":"2018-06-07T22:24:10","guid":{"rendered":"http:\/\/www.conselharan.org\/?p=22667"},"modified":"2018-06-08T00:24:10","modified_gmt":"2018-06-07T22:24:10","slug":"el-liceu-a-la-fresca-llega-a-sant-joan-de-arties","status":"publish","type":"post","link":"https:\/\/www.conselharan.org\/es\/el-liceu-a-la-fresca-llega-a-sant-joan-de-arties\/","title":{"rendered":"El \u00abLiceu a la fresca\u00bb llega a Sant Joan de Arties"},"content":{"rendered":"<p>Vielha, 8 de junio de 2018.- El <strong>s\u00e1bado 16 de junio a las 22 h en la iglesia de Sant Joan de Arties<\/strong> se proyectar\u00e1 la \u00f3pera <strong>\u00abManon Lescaut\u00bb de Puccini<\/strong>, en el Liceu a la fresca 2018.<\/p>\n<p>El Liceu a la fresca es una propuesta del Gran Teatro del Liceo para difundir la m\u00fasica y la \u00f3pera. Se trata de un proyecto divulgativo con un objetivo principal, que la \u00f3pera llegue a todas las personas, y que todas puedan disfrutar de una forma atractiva, accesible e informal. Esto se consigue gracias a la colaboraci\u00f3n entre el Liceo y las diversas entidades y ayuntamientos interesados \u200b\u200ben proyectar en una pantalla gigante, y por medio de una retransmisi\u00f3n en el falso directo, la \u00f3pera que se represente en el Liceo en ese momento.<\/p>\n<p>Este a\u00f1o el Gran Teatro del Liceo en colaboraci\u00f3n con el Museo de la Val d&#8217;Aran, el Conselh Generau d\u2019Aran y el Ayuntamiento del Naut Aran, han establecido un convenio para poder hacer llegar el Liceo a la fresca al Valle de Aran. La iglesia de Sant Joan de Arties, por sus caracter\u00edsticas arquitect\u00f3nicas y su entorno, es el lugar elegido para la proyecci\u00f3n el s\u00e1bado 16 de junio de la \u00f3pera de Puccini \u00abManon Lescaut\u00bb. Una \u00f3pera que este a\u00f1o enlaza con la tem\u00e1tica seleccionada para este 2018 por el Museo de la Val d&#8217;Aran, la mujer, y que se da a conocer con el hastag #anderahemna.<\/p>\n<p>La \u00f3pera \u00abManon Lescaut\u00bb fue el primer gran triunfo de Giacomo Puccini en 1893. Se trata de una \u00f3pera basada en la obra del abate Pr\u00e9vost, \u00abL\u2019histoire du chevalier Des Grieux et de Manon Lescaut \u00abdonde se narra la ascensi\u00f3n y ca\u00edda de Manon Lescaut.<\/p>\n<p>La obra est\u00e1 interpretada, en sus papeles principales, por varias sopranos y tenores de fama internacional, Ludmyla Monastyrska, Maria Pia Piscitelli, Gregory Kunde, Jorge de Le\u00f3n y Rafael Davila.<\/p>\n<p>El Museo de la Val d\u2019Aran os invita para disfrutar el s\u00e1bado 16 de junio a las 22h, en la iglesia de Sant Joan de Arties, de la \u00f3pera \u00abManon Lescaut\u00bb de Puccini.<\/p>\n<p><a href=\"http:\/\/www.conselharan.org\/wp-content\/uploads\/2018\/06\/cartell-liceu-fresca-17-18_cat.jpg\"><img loading=\"lazy\" decoding=\"async\" class=\"aligncenter size-large wp-image-22663\" src=\"http:\/\/www.conselharan.org\/wp-content\/uploads\/2018\/06\/cartell-liceu-fresca-17-18_cat-724x1024.jpg\" alt=\"\" width=\"724\" height=\"1024\" srcset=\"https:\/\/www.conselharan.org\/wp-content\/uploads\/2018\/06\/cartell-liceu-fresca-17-18_cat-724x1024.jpg 724w, https:\/\/www.conselharan.org\/wp-content\/uploads\/2018\/06\/cartell-liceu-fresca-17-18_cat-212x300.jpg 212w, https:\/\/www.conselharan.org\/wp-content\/uploads\/2018\/06\/cartell-liceu-fresca-17-18_cat-768x1086.jpg 768w\" sizes=\"(max-width: 724px) 100vw, 724px\" \/><\/a><\/p>\n ","protected":false},"excerpt":{"rendered":"<p>Vielha, 8 de junio de 2018.- El s\u00e1bado 16 de junio a las 22 h en la iglesia de Sant Joan de Arties se proyectar\u00e1 la \u00f3pera \u00abManon Lescaut\u00bb de Puccini, en el Liceu a la fresca 2018. El Liceu a la fresca es una propuesta del Gran Teatro del Liceo para difundir la m\u00fasica&#8230;<\/p>\n","protected":false},"author":2,"featured_media":22663,"comment_status":"closed","ping_status":"closed","sticky":false,"template":"","format":"standard","meta":{"footnotes":""},"categories":[34],"tags":[],"_links":{"self":[{"href":"https:\/\/www.conselharan.org\/es\/wp-json\/wp\/v2\/posts\/22667"}],"collection":[{"href":"https:\/\/www.conselharan.org\/es\/wp-json\/wp\/v2\/posts"}],"about":[{"href":"https:\/\/www.conselharan.org\/es\/wp-json\/wp\/v2\/types\/post"}],"author":[{"embeddable":true,"href":"https:\/\/www.conselharan.org\/es\/wp-json\/wp\/v2\/users\/2"}],"replies":[{"embeddable":true,"href":"https:\/\/www.conselharan.org\/es\/wp-json\/wp\/v2\/comments?post=22667"}],"version-history":[{"count":1,"href":"https:\/\/www.conselharan.org\/es\/wp-json\/wp\/v2\/posts\/22667\/revisions"}],"predecessor-version":[{"id":22668,"href":"https:\/\/www.conselharan.org\/es\/wp-json\/wp\/v2\/posts\/22667\/revisions\/22668"}],"wp:featuredmedia":[{"embeddable":true,"href":"https:\/\/www.conselharan.org\/es\/wp-json\/wp\/v2\/media\/22663"}],"wp:attachment":[{"href":"https:\/\/www.conselharan.org\/es\/wp-json\/wp\/v2\/media?parent=22667"}],"wp:term":[{"taxonomy":"category","embeddable":true,"href":"https:\/\/www.conselharan.org\/es\/wp-json\/wp\/v2\/categories?post=22667"},{"taxonomy":"post_tag","embeddable":true,"href":"https:\/\/www.conselharan.org\/es\/wp-json\/wp\/v2\/tags?post=22667"}],"curies":[{"name":"wp","href":"https:\/\/api.w.org\/{rel}","templated":true}]}}