{"id":22759,"date":"2018-06-13T12:57:17","date_gmt":"2018-06-13T10:57:17","guid":{"rendered":"http:\/\/www.conselharan.org\/?p=22759"},"modified":"2018-06-13T12:57:17","modified_gmt":"2018-06-13T10:57:17","slug":"trail-carlac-2018","status":"publish","type":"post","link":"https:\/\/www.conselharan.org\/es\/trail-carlac-2018\/","title":{"rendered":"TRAIL CARLAC 2018"},"content":{"rendered":"<p><a href=\"http:\/\/www.conselharan.org\/trail-carlac-2018\/miguel-caballero\/\" rel=\"attachment wp-att-22753\"><img loading=\"lazy\" decoding=\"async\" class=\"aligncenter size-large wp-image-22753\" src=\"http:\/\/www.conselharan.org\/wp-content\/uploads\/2018\/06\/Miguel-Caballero-1024x683.jpg\" alt=\"\" width=\"1024\" height=\"683\" srcset=\"https:\/\/www.conselharan.org\/wp-content\/uploads\/2018\/06\/Miguel-Caballero-1024x683.jpg 1024w, https:\/\/www.conselharan.org\/wp-content\/uploads\/2018\/06\/Miguel-Caballero-300x200.jpg 300w, https:\/\/www.conselharan.org\/wp-content\/uploads\/2018\/06\/Miguel-Caballero-768x512.jpg 768w\" sizes=\"(max-width: 1024px) 100vw, 1024px\" \/><\/a><\/p>\n<p>Este fin de semana tendr\u00e1 lugar una nueva edici\u00f3n de Trail Carlac, este a\u00f1o con 4 carreras, 2 el s\u00e1bado y 2 el domingo.<\/p>\n<p>El s\u00e1bado, 16 de junio, se disputar\u00e1 la Montlude SkyMarathon con 43Km y 4300m D+ (puntuable con 3 puntos UTMB) y la Montlude SkyRace con 26Km y 2500m D+ (puntuable con 1 punto UTMB).<\/p>\n<p>El domingo, 17 de junio, se disputar\u00e1n las 2 carreras m\u00e1s populares, el Bosque de Carlac con 19Km y 1200m D+ y la Villa de Les con 9Km y 550m D+, esta \u00faltima tambi\u00e9n abierta para caminantes.<\/p>\n<p>&nbsp;<\/p>\n<p><a href=\"http:\/\/www.conselharan.org\/trail-carlac-2018\/dav-2\/\" rel=\"attachment wp-att-22751\"><img loading=\"lazy\" decoding=\"async\" class=\"size-large wp-image-22751\" src=\"http:\/\/www.conselharan.org\/wp-content\/uploads\/2018\/06\/COMICA-1024x578.jpg\" alt=\"\" width=\"1024\" height=\"578\" srcset=\"https:\/\/www.conselharan.org\/wp-content\/uploads\/2018\/06\/COMICA-1024x578.jpg 1024w, https:\/\/www.conselharan.org\/wp-content\/uploads\/2018\/06\/COMICA-300x169.jpg 300w, https:\/\/www.conselharan.org\/wp-content\/uploads\/2018\/06\/COMICA-768x434.jpg 768w\" sizes=\"(max-width: 1024px) 100vw, 1024px\" \/><\/a><\/p>\n<p>&nbsp;<\/p>\n<p>Todos los recorridos est\u00e1n exquisitamente escogidos y transcurren por zonas de alto valor natural, cultural e hist\u00f3rico, la salida se har\u00e1 en la Plaza deth Haro de Les donde se realiza la crema del Haro declarado Bien Inmaterial por la UNESCO.<\/p>\n<p>&nbsp;<\/p>\n<p><a href=\"http:\/\/www.conselharan.org\/trail-carlac-2018\/neu\/\" rel=\"attachment wp-att-22754\"><img loading=\"lazy\" decoding=\"async\" class=\"aligncenter size-full wp-image-22754\" src=\"http:\/\/www.conselharan.org\/wp-content\/uploads\/2018\/06\/Neu.jpg\" alt=\"\" width=\"960\" height=\"960\" srcset=\"https:\/\/www.conselharan.org\/wp-content\/uploads\/2018\/06\/Neu.jpg 960w, https:\/\/www.conselharan.org\/wp-content\/uploads\/2018\/06\/Neu-150x150.jpg 150w, https:\/\/www.conselharan.org\/wp-content\/uploads\/2018\/06\/Neu-300x300.jpg 300w, https:\/\/www.conselharan.org\/wp-content\/uploads\/2018\/06\/Neu-768x768.jpg 768w, https:\/\/www.conselharan.org\/wp-content\/uploads\/2018\/06\/Neu-270x270.jpg 270w, https:\/\/www.conselharan.org\/wp-content\/uploads\/2018\/06\/Neu-207x207.jpg 207w, https:\/\/www.conselharan.org\/wp-content\/uploads\/2018\/06\/Neu-75x75.jpg 75w\" sizes=\"(max-width: 960px) 100vw, 960px\" \/><\/a><\/p>\n<p>&nbsp;<\/p>\n<p>El invierno ha sido largo y duro, donde la presencia de nieve ha hecho modificar alg\u00fan tramo a la organizaci\u00f3n y la ca\u00edda de \u00e1rboles ha hecho que el trabajo de mantenimiento haya sido muy duro, pero las carreras del s\u00e1bado mantendr\u00e1n la subida al Montlude, es decir en los primeros 10Km los corredores sumar\u00e1n 2KV.<\/p>\n<p>Las inscripciones online se cierran el jueves 14 de junio, aunque se podr\u00e1n realizar presenciales el mismo d\u00eda de la carrera, tanto para las carreras del s\u00e1bado como para las del domingo.<\/p>\n<p>&nbsp;<\/p>\n<p><a href=\"http:\/\/www.conselharan.org\/trail-carlac-2018\/dav-3\/\" rel=\"attachment wp-att-22752\"><img loading=\"lazy\" decoding=\"async\" class=\"size-large wp-image-22752\" src=\"http:\/\/www.conselharan.org\/wp-content\/uploads\/2018\/06\/IMG_20180611_100105-1024x578.jpg\" alt=\"\" width=\"1024\" height=\"578\" srcset=\"https:\/\/www.conselharan.org\/wp-content\/uploads\/2018\/06\/IMG_20180611_100105-1024x578.jpg 1024w, https:\/\/www.conselharan.org\/wp-content\/uploads\/2018\/06\/IMG_20180611_100105-300x169.jpg 300w, https:\/\/www.conselharan.org\/wp-content\/uploads\/2018\/06\/IMG_20180611_100105-768x434.jpg 768w\" sizes=\"(max-width: 1024px) 100vw, 1024px\" \/><\/a><\/p>\n<p>&nbsp;<\/p>\n<p>En la web <a href=\"http:\/\/www.trailcarlac.com\" target=\"_blank\" rel=\"noopener\">www.trailcarlac.com<\/a> podr\u00e1n encontrar toda la informaci\u00f3n de la carrera, horarios y material obligatorio. En la p\u00e1gina de Facebook de Trail Carlac (<a href=\"http:\/\/www.facebook.com\/trailcarlac\" target=\"_blank\" rel=\"noopener\">www.facebook.com\/trailcarlac<\/a>) se van colgando las \u00faltimas informaciones y noticias.<\/p>\n<p>Se trata de un acontecimiento organizado por vecinos de Les con el patrocinio del Ayuntamiento de Les y la colaboraci\u00f3n de los ayuntamientos de Boss\u00f2st, Bausen y Canejan, tambi\u00e9n con la colaboraci\u00f3n del Conselh Generau d\u2019Aran y la Diputaci\u00f3n de Lleida.<\/p>\n<p>&nbsp;<\/p>\n<p>&nbsp;<\/p>\n<p>&nbsp;<\/p>\n<p>&nbsp;<\/p>\n<p>&nbsp;<\/p>\n<p>Vielha, 14 de junio de 2018<\/p>\n<p>&nbsp;<\/p>\n<p><em>Conselh Generau d&#8217;Aran: N\u00faria Sanjuan<\/em><\/p>\n<p><em>Fuente y Fotos: TRAIL CARLAC<\/em><\/p>\n ","protected":false},"excerpt":{"rendered":"<p>Este fin de semana tendr\u00e1 lugar una nueva edici\u00f3n de Trail Carlac, este a\u00f1o con 4 carreras, 2 el s\u00e1bado y 2 el domingo. El s\u00e1bado, 16 de junio, se disputar\u00e1 la Montlude SkyMarathon con 43Km y 4300m D+ (puntuable con 3 puntos UTMB) y la Montlude SkyRace con 26Km y 2500m D+ (puntuable con&#8230;<\/p>\n","protected":false},"author":2,"featured_media":22753,"comment_status":"closed","ping_status":"closed","sticky":false,"template":"","format":"standard","meta":{"footnotes":""},"categories":[135],"tags":[],"_links":{"self":[{"href":"https:\/\/www.conselharan.org\/es\/wp-json\/wp\/v2\/posts\/22759"}],"collection":[{"href":"https:\/\/www.conselharan.org\/es\/wp-json\/wp\/v2\/posts"}],"about":[{"href":"https:\/\/www.conselharan.org\/es\/wp-json\/wp\/v2\/types\/post"}],"author":[{"embeddable":true,"href":"https:\/\/www.conselharan.org\/es\/wp-json\/wp\/v2\/users\/2"}],"replies":[{"embeddable":true,"href":"https:\/\/www.conselharan.org\/es\/wp-json\/wp\/v2\/comments?post=22759"}],"version-history":[{"count":1,"href":"https:\/\/www.conselharan.org\/es\/wp-json\/wp\/v2\/posts\/22759\/revisions"}],"predecessor-version":[{"id":22760,"href":"https:\/\/www.conselharan.org\/es\/wp-json\/wp\/v2\/posts\/22759\/revisions\/22760"}],"wp:featuredmedia":[{"embeddable":true,"href":"https:\/\/www.conselharan.org\/es\/wp-json\/wp\/v2\/media\/22753"}],"wp:attachment":[{"href":"https:\/\/www.conselharan.org\/es\/wp-json\/wp\/v2\/media?parent=22759"}],"wp:term":[{"taxonomy":"category","embeddable":true,"href":"https:\/\/www.conselharan.org\/es\/wp-json\/wp\/v2\/categories?post=22759"},{"taxonomy":"post_tag","embeddable":true,"href":"https:\/\/www.conselharan.org\/es\/wp-json\/wp\/v2\/tags?post=22759"}],"curies":[{"name":"wp","href":"https:\/\/api.w.org\/{rel}","templated":true}]}}