{"id":23147,"date":"2018-07-06T12:50:35","date_gmt":"2018-07-06T10:50:35","guid":{"rendered":"http:\/\/www.conselharan.org\/?p=23147"},"modified":"2018-07-06T12:50:35","modified_gmt":"2018-07-06T10:50:35","slug":"ingresan-nuevos-documentos-en-el-fondo-personal-del-poeta-aranes-jusep-sandaran-bacaria-en-el-archivo-general-de-aran","status":"publish","type":"post","link":"https:\/\/www.conselharan.org\/es\/ingresan-nuevos-documentos-en-el-fondo-personal-del-poeta-aranes-jusep-sandaran-bacaria-en-el-archivo-general-de-aran\/","title":{"rendered":"Ingresan nuevos documentos en el fondo personal del poeta aran\u00e9s Jus\u00e8p Sandaran Bacaria en el Archivo General de Aran"},"content":{"rendered":"<p>Vielha, 6 de julio de 2018.- La familia Sandaran Frontfreda ha depositado en el Archivo General de Aran una parte de la biblioteca personal del poeta aran\u00e9s Jus\u00e8p Sandaran Bacaria. Los vol\u00famenes ingresados \u200b\u200bson obras de autores como Josep Carner, Albert Albert Torrellas, Salvador Borrut y Soler, Joaqu\u00edn Casas-Carb\u00f3, Joan Malagarriga, Ramon Suri\u00f1ach Sent\u00edes, Pl\u00e0cid Vidal, datados entre los a\u00f1os 1904-1935. Todos los libros llevan una dedicatoria personal que el propio autor hace a Sandaran. Tambi\u00e9n ha ingresado una copia de la traducci\u00f3n de la obra de William Shakespeare \u00abEnrique IV\u00bb que Sandaran ve publicada 1907.<\/p>\n<p><a href=\"http:\/\/www.conselharan.org\/wp-content\/uploads\/2018\/07\/sanadaran.jpg\"><img loading=\"lazy\" decoding=\"async\" class=\"aligncenter size-large wp-image-23145\" src=\"http:\/\/www.conselharan.org\/wp-content\/uploads\/2018\/07\/sanadaran-1024x538.jpg\" alt=\"\" width=\"1024\" height=\"538\" srcset=\"https:\/\/www.conselharan.org\/wp-content\/uploads\/2018\/07\/sanadaran-1024x538.jpg 1024w, https:\/\/www.conselharan.org\/wp-content\/uploads\/2018\/07\/sanadaran-300x158.jpg 300w, https:\/\/www.conselharan.org\/wp-content\/uploads\/2018\/07\/sanadaran-768x403.jpg 768w, https:\/\/www.conselharan.org\/wp-content\/uploads\/2018\/07\/sanadaran.jpg 1146w\" sizes=\"(max-width: 1024px) 100vw, 1024px\" \/><\/a><\/p>\n<p>En 2005, las se\u00f1oras Eulalia Sandaran Fontfreda, Clara Sandaran Fontfreda y el se\u00f1or Francisco Sandaran Fontfreda firman el contrato de dep\u00f3sito del fondo personal de su abuelo, Jus\u00e8p Sandaran Bacaria. Ese mismo a\u00f1o la documentaci\u00f3n ingresa al Archivo General de Aran. El fondo est\u00e1 formado por manuscritos del propio Sandaran (estudios sobre la lengua aranesa, poemas, conferencias, obras de teatro, costumbres &#8230;), correspondencia con otros autores contempor\u00e1neos y fotograf\u00edas familiares.<\/p>\n<p>Jus\u00e8p Sandaran Bacaria, de casa Ferret de Canejan, nace el 31 de enero de 1875. Jus\u00e8p se casa con Felipa Sambeat Romeva tambi\u00e9n de Canejan. El matrimonio va a vivir a Barcelona, \u200b\u200bdonde Sandaran muere en 1942. Entre 1906 y 1913 inicia una \u00e9poca de producci\u00f3n ling\u00fc\u00edstica en defensa de la lengua aranesa. Escribe poemas que presenta en varios juegos florales y que ve publicados en varias publicaciones occitanas como la \u00abBouts dera Montanho\u00bb; recoge costumbres aranesas, sobre todo de Canejan, inicia un proyecto de gram\u00e1tica aranesa y re\u00fane, en m\u00e1s de 600 fichas, palabras, refranes y dichos araneses. Todo este trabajo culmina en la conferencia, que pronuncia el 23 de octubre de 1913 en el Ateneo Obrero del Distrito II de Barcelona y que titula \u00abEl Valle de Aran y los Catalanes\u00bb. Es en este periodo cuando coincide con importantes personajes contempor\u00e1neos que tambi\u00e9n trabajan en lengua aranesa u occitana como Moss\u00e8n Josep Cond\u00f2 Sambeat, Bernat Sarrieu y Josep Aladern, entre otros. El 1 de mayo de 1912 finaliza un libro manuscrito de poemas dedicados a su mujer. En \u00e9l escribe 19 poemas en catal\u00e1n y 6 en aran\u00e9s. Entre 1918 y 1940 escribe poemas en catal\u00e1n que tambi\u00e9n ver\u00e1 publicados.<\/p>\n<p>Los documentos ya se pueden consultar en l\u00ednea a trav\u00e9s del buscador de fondos y documentos de Archivos en L\u00ednea Arxius en l\u00ednia: cercador de fons i documents de la Xarxa d\u2019Arxius Comarcals de Catalunya.<\/p>\n<p>Informaci\u00f3n elaborada por la Xarxa d\u2019Arxius Comarcals de la Generalitat de Catalunya<\/p>\n<p>&nbsp;<\/p>\n ","protected":false},"excerpt":{"rendered":"<p>Vielha, 6 de julio de 2018.- La familia Sandaran Frontfreda ha depositado en el Archivo General de Aran una parte de la biblioteca personal del poeta aran\u00e9s Jus\u00e8p Sandaran Bacaria. Los vol\u00famenes ingresados \u200b\u200bson obras de autores como Josep Carner, Albert Albert Torrellas, Salvador Borrut y Soler, Joaqu\u00edn Casas-Carb\u00f3, Joan Malagarriga, Ramon Suri\u00f1ach Sent\u00edes, Pl\u00e0cid&#8230;<\/p>\n","protected":false},"author":2,"featured_media":23145,"comment_status":"closed","ping_status":"closed","sticky":false,"template":"","format":"standard","meta":{"footnotes":""},"categories":[34],"tags":[],"_links":{"self":[{"href":"https:\/\/www.conselharan.org\/es\/wp-json\/wp\/v2\/posts\/23147"}],"collection":[{"href":"https:\/\/www.conselharan.org\/es\/wp-json\/wp\/v2\/posts"}],"about":[{"href":"https:\/\/www.conselharan.org\/es\/wp-json\/wp\/v2\/types\/post"}],"author":[{"embeddable":true,"href":"https:\/\/www.conselharan.org\/es\/wp-json\/wp\/v2\/users\/2"}],"replies":[{"embeddable":true,"href":"https:\/\/www.conselharan.org\/es\/wp-json\/wp\/v2\/comments?post=23147"}],"version-history":[{"count":1,"href":"https:\/\/www.conselharan.org\/es\/wp-json\/wp\/v2\/posts\/23147\/revisions"}],"predecessor-version":[{"id":23148,"href":"https:\/\/www.conselharan.org\/es\/wp-json\/wp\/v2\/posts\/23147\/revisions\/23148"}],"wp:featuredmedia":[{"embeddable":true,"href":"https:\/\/www.conselharan.org\/es\/wp-json\/wp\/v2\/media\/23145"}],"wp:attachment":[{"href":"https:\/\/www.conselharan.org\/es\/wp-json\/wp\/v2\/media?parent=23147"}],"wp:term":[{"taxonomy":"category","embeddable":true,"href":"https:\/\/www.conselharan.org\/es\/wp-json\/wp\/v2\/categories?post=23147"},{"taxonomy":"post_tag","embeddable":true,"href":"https:\/\/www.conselharan.org\/es\/wp-json\/wp\/v2\/tags?post=23147"}],"curies":[{"name":"wp","href":"https:\/\/api.w.org\/{rel}","templated":true}]}}