{"id":23421,"date":"2018-07-26T10:30:32","date_gmt":"2018-07-26T08:30:32","guid":{"rendered":"http:\/\/www.conselharan.org\/?p=23421"},"modified":"2018-07-26T10:30:32","modified_gmt":"2018-07-26T08:30:32","slug":"25-anos-de-la-carrera-aran-per-sa-lengua","status":"publish","type":"post","link":"https:\/\/www.conselharan.org\/es\/25-anos-de-la-carrera-aran-per-sa-lengua\/","title":{"rendered":"25 a\u00f1os de la Carrera \u00abAran per sa Lengua\u00bb"},"content":{"rendered":"<p>Vielha, 26 de julio de 2018.- El pr\u00f3ximo domingo 29 de julio se celebra una nueva edici\u00f3n de la Carrera de Aran per sa Lengua, que este a\u00f1o llega a la XXV\u00aa edici\u00f3n.<\/p>\n<p><a href=\"http:\/\/www.conselharan.org\/wp-content\/uploads\/2018\/07\/AXL2018.jpg\"><img loading=\"lazy\" decoding=\"async\" class=\"aligncenter size-large wp-image-23418\" src=\"http:\/\/www.conselharan.org\/wp-content\/uploads\/2018\/07\/AXL2018-1024x576.jpg\" alt=\"\" width=\"1024\" height=\"576\" srcset=\"https:\/\/www.conselharan.org\/wp-content\/uploads\/2018\/07\/AXL2018-1024x576.jpg 1024w, https:\/\/www.conselharan.org\/wp-content\/uploads\/2018\/07\/AXL2018-300x169.jpg 300w, https:\/\/www.conselharan.org\/wp-content\/uploads\/2018\/07\/AXL2018-768x432.jpg 768w, https:\/\/www.conselharan.org\/wp-content\/uploads\/2018\/07\/AXL2018.jpg 1920w\" sizes=\"(max-width: 1024px) 100vw, 1024px\" \/><\/a><\/p>\n<p>La carrera, organizada por el colectivo Lengua Viua, se celebra desde el a\u00f1o 1993 para defender la lengua y la identidad aranesas con el lema del Premio Nobel de Literatura Frederic Mistral, \u00abQui\u00e9n tiene la lengua, tiene la llave\u00bb.<\/p>\n<p>Los corredores y caminantes volver\u00e1n a salir desde Montgarri, Tred\u00f2s, el Puerto de Vielha y Les, para llegar alrededor de las 20:15 horas a la plaza de la iglesia de Vielha.<\/p>\n<p>Los participantes llegar\u00e1n a Vielha cargando los ter\u00e7ons, que permitir\u00e1n dibujar el mapa de Aran en la plaza de la iglesia, y las banderas que la adornar\u00e1n. Durante el acto, que contar\u00e1 con la presencia del sindic d\u2019Aran, Carlos Barrera, se leer\u00e1 el manifiesto del colectivo Lengua Viua, y se entregar\u00e1 el premio Lengua Viua, creado para alabar el trabajo de personas, colectivos o instituciones en defensa del aran\u00e9s. Tambi\u00e9n se entregar\u00e1 el premio al dise\u00f1o de la camiseta que este a\u00f1o del 25 aniversario ha realizado Aleix Filloy Cavero.<\/p>\n<p>La fiesta de Aran per sa Lengua acabar\u00e1 con el concierto del grupo Nadau.<\/p>\n<p>Venta de camisetas:<\/p>\n<p>Mi\u00e9rcoles 25 y jueves 26 en Salard\u00fa, delante de la oficina de turismo, de 19 a 21 horas. En Boss\u00f2st, Plaza de la fuente, de 19 a 21 horas.<\/p>\n<p>En Vielha, cada d\u00eda en los cubiertos del Ayuntamiento de Vielha de 19 a 21 horas.<\/p>\n<p>Este a\u00f1o tambi\u00e9n se pueden comprar gorras y mochilas.<\/p>\n<p><a href=\"http:\/\/www.conselharan.org\/wp-content\/uploads\/2018\/07\/IMG_0057.jpg\"><img loading=\"lazy\" decoding=\"async\" class=\"aligncenter size-large wp-image-23419\" src=\"http:\/\/www.conselharan.org\/wp-content\/uploads\/2018\/07\/IMG_0057-1024x576.jpg\" alt=\"\" width=\"1024\" height=\"576\" srcset=\"https:\/\/www.conselharan.org\/wp-content\/uploads\/2018\/07\/IMG_0057-1024x576.jpg 1024w, https:\/\/www.conselharan.org\/wp-content\/uploads\/2018\/07\/IMG_0057-300x169.jpg 300w, https:\/\/www.conselharan.org\/wp-content\/uploads\/2018\/07\/IMG_0057-768x432.jpg 768w\" sizes=\"(max-width: 1024px) 100vw, 1024px\" \/><\/a><\/p>\n<p>HORARIO DE LA CARRERA ARAN PARA SA LENGUA<\/p>\n<p>Salida libre para pasar el puerto de Vielha y encuentro con los que lo hayan hecho en el prado de Tishineret a las 19h30.<\/p>\n<p>&#8211; 12h00 Salida desde Les (caminando)<\/p>\n<p>&#8211; 12h00 Salida desde Montgarri (caminando)<\/p>\n<p>&#8211; 12h50 Parada en Boss\u00f2st, plaza de la iglesia<\/p>\n<p>&#8211; 14h30 Salida desde Tred\u00f2s (caminando)<\/p>\n<p>&#8211; 15h00 Es B\u00f2rdes, comer todos juntos, cada uno mochila propia<\/p>\n<p>&#8211; 15h00 Unha, comer todos juntos, cada uno mochila propia<\/p>\n<p>&#8211; 17h00 Salida de Es B\u00f2rdes<\/p>\n<p>&#8211; 17h00 Salida de Unha<\/p>\n<p>&#8211; 17h00 Salida desde Montgarri (corriendo)<\/p>\n<p>&#8211; 18h30 Salida de Arties, plaza Urtau<\/p>\n<p>&#8211; 20h15 Llegada a la plaza de la iglesia de Vielha. Parlamentos. Entrega del Premio Lengua Viua<\/p>\n<p>&#8211; 20h30 Concierto del grupo Nadau<\/p>\n ","protected":false},"excerpt":{"rendered":"<p>Vielha, 26 de julio de 2018.- El pr\u00f3ximo domingo 29 de julio se celebra una nueva edici\u00f3n de la Carrera de Aran per sa Lengua, que este a\u00f1o llega a la XXV\u00aa edici\u00f3n. La carrera, organizada por el colectivo Lengua Viua, se celebra desde el a\u00f1o 1993 para defender la lengua y la identidad aranesas&#8230;<\/p>\n","protected":false},"author":2,"featured_media":23418,"comment_status":"closed","ping_status":"closed","sticky":false,"template":"","format":"standard","meta":{"footnotes":""},"categories":[52],"tags":[],"_links":{"self":[{"href":"https:\/\/www.conselharan.org\/es\/wp-json\/wp\/v2\/posts\/23421"}],"collection":[{"href":"https:\/\/www.conselharan.org\/es\/wp-json\/wp\/v2\/posts"}],"about":[{"href":"https:\/\/www.conselharan.org\/es\/wp-json\/wp\/v2\/types\/post"}],"author":[{"embeddable":true,"href":"https:\/\/www.conselharan.org\/es\/wp-json\/wp\/v2\/users\/2"}],"replies":[{"embeddable":true,"href":"https:\/\/www.conselharan.org\/es\/wp-json\/wp\/v2\/comments?post=23421"}],"version-history":[{"count":1,"href":"https:\/\/www.conselharan.org\/es\/wp-json\/wp\/v2\/posts\/23421\/revisions"}],"predecessor-version":[{"id":23422,"href":"https:\/\/www.conselharan.org\/es\/wp-json\/wp\/v2\/posts\/23421\/revisions\/23422"}],"wp:featuredmedia":[{"embeddable":true,"href":"https:\/\/www.conselharan.org\/es\/wp-json\/wp\/v2\/media\/23418"}],"wp:attachment":[{"href":"https:\/\/www.conselharan.org\/es\/wp-json\/wp\/v2\/media?parent=23421"}],"wp:term":[{"taxonomy":"category","embeddable":true,"href":"https:\/\/www.conselharan.org\/es\/wp-json\/wp\/v2\/categories?post=23421"},{"taxonomy":"post_tag","embeddable":true,"href":"https:\/\/www.conselharan.org\/es\/wp-json\/wp\/v2\/tags?post=23421"}],"curies":[{"name":"wp","href":"https:\/\/api.w.org\/{rel}","templated":true}]}}