{"id":23466,"date":"2018-07-30T12:55:18","date_gmt":"2018-07-30T10:55:18","guid":{"rendered":"http:\/\/www.conselharan.org\/?p=23466"},"modified":"2018-07-30T12:55:18","modified_gmt":"2018-07-30T10:55:18","slug":"el-conselh-generau-daran-aportara-45-000e-al-ayuntamiento-del-naut-aran-para-la-conservacion-y-mantenimiento-de-los-caminos-senderos-y-pistas-forestales","status":"publish","type":"post","link":"https:\/\/www.conselharan.org\/es\/el-conselh-generau-daran-aportara-45-000e-al-ayuntamiento-del-naut-aran-para-la-conservacion-y-mantenimiento-de-los-caminos-senderos-y-pistas-forestales\/","title":{"rendered":"El Conselh Generau d\u2019Aran aportar\u00e1 45.000\u20ac al Ayuntamiento del Naut Aran para la conservaci\u00f3n y mantenimiento de los caminos, senderos y pistas forestales"},"content":{"rendered":"<p><strong>El Conselh Generau d\u2019Aran ha firmado un convenio de colaboraci\u00f3n con el Ayuntamiento del Naut Aran donde el Gov\u00e8rn de Aran aportar\u00e1 el 50% de la cantidad justificada por el Ayuntamiento del Naut Aran para la conservaci\u00f3n y mantenimiento de las pistas forestales, caminos y senderos de su t\u00e9rmino municipal, hasta un m\u00e1ximo de 45.000\u20ac anuales.<\/strong><\/p>\n<p>&nbsp;<\/p>\n<p><a href=\"http:\/\/www.conselharan.org\/eth-conselh-generau-daran-aportara-45-000e-ar-ajuntament-deth-naut-aran-entara-conservacion-e-manteniment-des-camins-senders-e-pistes-forestaus\/dsc_0095-3\/\" rel=\"attachment wp-att-23461\"><img loading=\"lazy\" decoding=\"async\" class=\"aligncenter size-large wp-image-23461\" src=\"http:\/\/www.conselharan.org\/wp-content\/uploads\/2018\/07\/DSC_0095-1024x831.jpg\" alt=\"\" width=\"1024\" height=\"831\" srcset=\"https:\/\/www.conselharan.org\/wp-content\/uploads\/2018\/07\/DSC_0095-1024x831.jpg 1024w, https:\/\/www.conselharan.org\/wp-content\/uploads\/2018\/07\/DSC_0095-300x244.jpg 300w, https:\/\/www.conselharan.org\/wp-content\/uploads\/2018\/07\/DSC_0095-768x624.jpg 768w\" sizes=\"(max-width: 1024px) 100vw, 1024px\" \/><\/a><\/p>\n<p>&nbsp;<\/p>\n<p>El sindic de Aran, <strong>Carlos Barrera,<\/strong> y el alcalde del Ayuntamiento del Naut Aran, <strong>C\u00e9sar Ruiz-Canela<\/strong>, han firmado un convenio donde el Conselh Generau d\u2019Aran se compromete a financiar la conservaci\u00f3n y mantenimiento de los caminos, senderos y pistas forestales del t\u00e9rmino municipal del Naut Aran, de acuerdo con los siguientes apartados:<\/p>\n<p>1. El Conselh Generau d\u2019Aran aportar\u00e1 el 50% de la cantidad justificada por el Ayuntamiento del Naut Aran para la conservaci\u00f3n y mantenimiento de las pistas forestales de su t\u00e9rmino municipal, hasta un m\u00e1ximo 25.000\u20ac anuales para el ejercicio 2018.<\/p>\n<p>2. El Conselh Generau d\u2019Aran aportar\u00e1 el 50% de la cantidad justificada por el Ayuntamiento del Naut Aran para la conservaci\u00f3n y mantenimiento de los caminos y senderos de su t\u00e9rmino municipal, hasta un m\u00e1ximo 20.000\u20ac anuales para el ejercicio 2018.<\/p>\n<p><strong>C\u00e9sar Ruiz-Canela<\/strong>, alcalde del Ayuntamiento del Naut Aran, ha manifestado: <strong>\u201cPara poder actuar de una manera m\u00e1s eficiente y r\u00e1pida ante posibles necesidades, el Ayuntamiento del Naut Aran solicit\u00f3 al Conselh Generau una l\u00ednea de colaboraci\u00f3n que permita la realizaci\u00f3n de las acciones de conservaci\u00f3n y mantenimiento de los caminos, senderos y pistas forestales del t\u00e9rmino municipal del Naut Aran de forma directa por parte del Ayuntamiento, con una colaboraci\u00f3n econ\u00f3mica anual por parte del Conselh Generau\u201d.<\/strong><\/p>\n<p>El Conselh Generau d\u2019Aran, como \u00f3rgano del Gov\u00e8rn de Aran, ha firmado convenios de colaboraci\u00f3n para el acondicionamiento del Camino Real, las caba\u00f1as, caminos forestales situados en los Montes de Utilidad P\u00fablica pertenecientes a todas las entidades que conforman el municipio del Naut Aran.<\/p>\n<p>En palabras del sindic de Aran, <strong>Carlos Barrera: \u201cEl Conselh Generau d\u2019Aran ha realizado durante los a\u00f1os 1998-2017 las actuaciones necesarias, en colaboraci\u00f3n con el Ayuntamiento del Naut Aran, para la conservaci\u00f3n y mantenimiento de los caminos, senderos y pistas forestales del t\u00e9rmino municipal del Naut Aran\u201d.<\/strong><\/p>\n<p><strong>Barrera<\/strong> ha a\u00f1adido: \u201c<strong>A favor del inter\u00e9s general y de los vecinos del Naut Aran, es necesario establecer este mecanismo de colaboraci\u00f3n para la conservaci\u00f3n y mantenimiento de los caminos, senderos y pistas forestales del t\u00e9rmino municipal del Naut Aran\u201d<\/strong>.<\/p>\n<p>&nbsp;<\/p>\n<p>&nbsp;<\/p>\n<p>&nbsp;<\/p>\n<p>&nbsp;<\/p>\n<p>Vielha, 30 de julio de 2018<\/p>\n<p>&nbsp;<\/p>\n<p><em>Conselh Generau d&#8217;Aran: N\u00faria Sanjuan<\/em><\/p>\n ","protected":false},"excerpt":{"rendered":"<p>El Conselh Generau d\u2019Aran ha firmado un convenio de colaboraci\u00f3n con el Ayuntamiento del Naut Aran donde el Gov\u00e8rn de Aran aportar\u00e1 el 50% de la cantidad justificada por el Ayuntamiento del Naut Aran para la conservaci\u00f3n y mantenimiento de las pistas forestales, caminos y senderos de su t\u00e9rmino municipal, hasta un m\u00e1ximo de 45.000\u20ac&#8230;<\/p>\n","protected":false},"author":2,"featured_media":23461,"comment_status":"closed","ping_status":"closed","sticky":false,"template":"","format":"standard","meta":{"footnotes":""},"categories":[52,126,37,137],"tags":[],"_links":{"self":[{"href":"https:\/\/www.conselharan.org\/es\/wp-json\/wp\/v2\/posts\/23466"}],"collection":[{"href":"https:\/\/www.conselharan.org\/es\/wp-json\/wp\/v2\/posts"}],"about":[{"href":"https:\/\/www.conselharan.org\/es\/wp-json\/wp\/v2\/types\/post"}],"author":[{"embeddable":true,"href":"https:\/\/www.conselharan.org\/es\/wp-json\/wp\/v2\/users\/2"}],"replies":[{"embeddable":true,"href":"https:\/\/www.conselharan.org\/es\/wp-json\/wp\/v2\/comments?post=23466"}],"version-history":[{"count":1,"href":"https:\/\/www.conselharan.org\/es\/wp-json\/wp\/v2\/posts\/23466\/revisions"}],"predecessor-version":[{"id":23467,"href":"https:\/\/www.conselharan.org\/es\/wp-json\/wp\/v2\/posts\/23466\/revisions\/23467"}],"wp:featuredmedia":[{"embeddable":true,"href":"https:\/\/www.conselharan.org\/es\/wp-json\/wp\/v2\/media\/23461"}],"wp:attachment":[{"href":"https:\/\/www.conselharan.org\/es\/wp-json\/wp\/v2\/media?parent=23466"}],"wp:term":[{"taxonomy":"category","embeddable":true,"href":"https:\/\/www.conselharan.org\/es\/wp-json\/wp\/v2\/categories?post=23466"},{"taxonomy":"post_tag","embeddable":true,"href":"https:\/\/www.conselharan.org\/es\/wp-json\/wp\/v2\/tags?post=23466"}],"curies":[{"name":"wp","href":"https:\/\/api.w.org\/{rel}","templated":true}]}}